{"id":13542,"date":"2023-04-25T23:33:57","date_gmt":"2023-04-26T04:33:57","guid":{"rendered":"http:\/\/web-zac.com\/?p=13542"},"modified":"2023-04-25T23:34:08","modified_gmt":"2023-04-26T04:34:08","slug":"lanzan-convocatoria-para-el-concurso-te-lo-cuento-con-valores-2023-2","status":"publish","type":"post","link":"http:\/\/web-zac.com\/?p=13542","title":{"rendered":"LANZAN CONVOCATORIA PARA EL CONCURSO \u201cTE LO CUENTO CON VALORES\u201d 2023"},"content":{"rendered":"\n<p>\n<br>\n<br>\u2022\tSe busca apoyar la creaci\u00f3n las y los abuelitos.\n<br>\n<br>El Ayuntamiento de Zacatecas en conjunto con la Secretar\u00eda de la Funci\u00f3n P\u00fablica y el Sistema Estatal DIF, presentaron la convocatoria \u201cTe lo cuento con valores\u201d, dirigida a las y los adultos mayores. \n<br>\n<br>Adem\u00e1s, durante la develaci\u00f3n del cartel se dio lectura al cuento ganador de la edici\u00f3n 2022 del concurso, escrito por Rosa Mar\u00eda Iturriaga Jara \u201cTiipina, la mensajera del amor\u201d, el cual promueve valores como el respeto, el trabajo en equipo, entre otros. \n<br>\n<br>Durante la ceremonia, el alcalde de la Capital, Jorge Miranda Castro, mencion\u00f3 que historias como la de Iturriaga Jara muestran la importancia de la recuperaci\u00f3n de valores en las familias y la comunidad. \n<br>\n<br>\u201cEn este proceso importante de lograr la reconstrucci\u00f3n social a trav\u00e9s de la gente m\u00e1s sabia que tenemos en nuestro estado que son nuestros adultos mayores, que son quienes vivieron el Zacatecas que a\u00f1oramos\u201d, a\u00f1adi\u00f3 el Dr. Miranda Castro. \n<br>\n<br>Reconoci\u00f3 el trabajo conjunto de la Capital de la Transformaci\u00f3n con los gobiernos municipales para la construcci\u00f3n de la paz. \n<br>\n<br>Mientras que Humbelina L\u00f3pez Loera, secretaria de la Funci\u00f3n P\u00fablica, destac\u00f3 la importancia de dar visibilidad a las y los adultos mayores, quienes dejan un importante legado para la sociedad zacatecana. \n<br>\n<br>Coment\u00f3 que la convocatoria tiene como objetivo promover los valores y dar espacio a estas generaciones, por lo que buscar\u00e1n que cada uno de los cuentos se transcriban a otros idiomas. \n<br>\n<br>Por su parte, Sara Hern\u00e1ndez, presidenta honor\u00edfica del DIF Estatal, dijo que una parte importante para la sociedad es reconocer a las y los adultos mayores, no s\u00f3lo por su sabidur\u00eda sino por las aportaciones culturales que brindan a la sociedad. \n<br>\n<br>Es por ello que la convocatoria \u201cTe lo cuento con valores\u201d se llevar\u00e1 a cabo cada a\u00f1o y las bases para la edici\u00f3n 2023 pueden consultarse a trav\u00e9s de las redes sociales del SEDIF y de la Funci\u00f3n P\u00fablica.\n<br>\n<br>A la presentaci\u00f3n de la convocatoria y en representaci\u00f3n de los municipios acudi\u00f3 Elizabeth de Lira Ojeda, presidenta \n<br><\/p>\n\n\n\n<figure class=\"wp-block-image size-large\"><img loading=\"lazy\" decoding=\"async\" width=\"1024\" height=\"683\" src=\"http:\/\/web-zac.com\/wp-content\/uploads\/2023\/04\/IMG-20230425-WA0114-1-1024x683.jpg\" alt=\"\" class=\"wp-image-13541\" srcset=\"http:\/\/web-zac.com\/wp-content\/uploads\/2023\/04\/IMG-20230425-WA0114-1-1024x683.jpg 1024w, http:\/\/web-zac.com\/wp-content\/uploads\/2023\/04\/IMG-20230425-WA0114-1-300x200.jpg 300w, http:\/\/web-zac.com\/wp-content\/uploads\/2023\/04\/IMG-20230425-WA0114-1-768x512.jpg 768w, http:\/\/web-zac.com\/wp-content\/uploads\/2023\/04\/IMG-20230425-WA0114-1.jpg 1079w\" sizes=\"auto, (max-width: 1024px) 100vw, 1024px\" \/><\/figure>\n","protected":false},"excerpt":{"rendered":"<p>\u2022 Se busca apoyar la creaci\u00f3n las y los abuelitos. El Ayuntamiento de Zacatecas en conjunto con la Secretar\u00eda de la Funci\u00f3n P\u00fablica y el Sistema Estatal DIF, presentaron la convocatoria \u201cTe lo cuento con valores\u201d, dirigida a las y los adultos mayores. Adem\u00e1s, durante la develaci\u00f3n del cartel se dio lectura al cuento ganador [&hellip;]<\/p>\n","protected":false},"author":3,"featured_media":13541,"comment_status":"open","ping_status":"open","sticky":false,"template":"","format":"standard","meta":{"footnotes":""},"categories":[6,18],"tags":[],"class_list":["post-13542","post","type-post","status-publish","format-standard","has-post-thumbnail","hentry","category-webmunicipios","category-zacatecas"],"jetpack_featured_media_url":"http:\/\/web-zac.com\/wp-content\/uploads\/2023\/04\/IMG-20230425-WA0114-1.jpg","_links":{"self":[{"href":"http:\/\/web-zac.com\/index.php?rest_route=\/wp\/v2\/posts\/13542","targetHints":{"allow":["GET"]}}],"collection":[{"href":"http:\/\/web-zac.com\/index.php?rest_route=\/wp\/v2\/posts"}],"about":[{"href":"http:\/\/web-zac.com\/index.php?rest_route=\/wp\/v2\/types\/post"}],"author":[{"embeddable":true,"href":"http:\/\/web-zac.com\/index.php?rest_route=\/wp\/v2\/users\/3"}],"replies":[{"embeddable":true,"href":"http:\/\/web-zac.com\/index.php?rest_route=%2Fwp%2Fv2%2Fcomments&post=13542"}],"version-history":[{"count":1,"href":"http:\/\/web-zac.com\/index.php?rest_route=\/wp\/v2\/posts\/13542\/revisions"}],"predecessor-version":[{"id":13543,"href":"http:\/\/web-zac.com\/index.php?rest_route=\/wp\/v2\/posts\/13542\/revisions\/13543"}],"wp:featuredmedia":[{"embeddable":true,"href":"http:\/\/web-zac.com\/index.php?rest_route=\/wp\/v2\/media\/13541"}],"wp:attachment":[{"href":"http:\/\/web-zac.com\/index.php?rest_route=%2Fwp%2Fv2%2Fmedia&parent=13542"}],"wp:term":[{"taxonomy":"category","embeddable":true,"href":"http:\/\/web-zac.com\/index.php?rest_route=%2Fwp%2Fv2%2Fcategories&post=13542"},{"taxonomy":"post_tag","embeddable":true,"href":"http:\/\/web-zac.com\/index.php?rest_route=%2Fwp%2Fv2%2Ftags&post=13542"}],"curies":[{"name":"wp","href":"https:\/\/api.w.org\/{rel}","templated":true}]}}