{"id":13518,"date":"2023-04-25T18:31:09","date_gmt":"2023-04-25T23:31:09","guid":{"rendered":"http:\/\/web-zac.com\/?p=13518"},"modified":"2023-04-25T18:31:47","modified_gmt":"2023-04-25T23:31:47","slug":"conmemora-gobierno-de-zacatecas-dia-internacional-de-lucha-contra-el-maltrato-infantil","status":"publish","type":"post","link":"http:\/\/web-zac.com\/?p=13518","title":{"rendered":"Conmemora Gobierno de Zacatecas D\u00eda Internacional de Lucha Contra el Maltrato Infantil"},"content":{"rendered":"\n<figure class=\"wp-block-image\"><img loading=\"lazy\" decoding=\"async\" width=\"1024\" height=\"740\" src=\"http:\/\/web-zac.com\/wp-content\/uploads\/2023\/04\/IMG-20230425-WA0193-1024x740.jpg\" alt=\"\" class=\"wp-image-13517\" srcset=\"http:\/\/web-zac.com\/wp-content\/uploads\/2023\/04\/IMG-20230425-WA0193-1024x740.jpg 1024w, http:\/\/web-zac.com\/wp-content\/uploads\/2023\/04\/IMG-20230425-WA0193-300x217.jpg 300w, http:\/\/web-zac.com\/wp-content\/uploads\/2023\/04\/IMG-20230425-WA0193-768x555.jpg 768w, http:\/\/web-zac.com\/wp-content\/uploads\/2023\/04\/IMG-20230425-WA0193-1536x1110.jpg 1536w, http:\/\/web-zac.com\/wp-content\/uploads\/2023\/04\/IMG-20230425-WA0193-1200x867.jpg 1200w, http:\/\/web-zac.com\/wp-content\/uploads\/2023\/04\/IMG-20230425-WA0193.jpg 1600w\" sizes=\"auto, (max-width: 1024px) 100vw, 1024px\" \/><\/figure>\n\n\n\n<p><br><br>\u25aa\ufe0fRealizan jornada de capacitaci\u00f3n dirigida a personal de salud para la detecci\u00f3n oportuna de casos de violencia contra las y los menores<br>\u25aa\ufe0fEl maltrato a los menores deja secuelas a corto, mediano y largo plazo y afecta a todo el entorno social<br><br>Zacatecas, Zac., 25 de abril de 2023.- El bienestar infantil es un tema prioritario dentro de las pol\u00edticas p\u00fablicas que impulsa el Gobernador David Monreal \u00c1vila, es por eso que la Secretar\u00eda de Salud (SSZ) realiz\u00f3 la conmemoraci\u00f3n del D\u00eda Mundial de Lucha Contra el Maltrato Infantil, en el auditorio del Centro Estatal de Vacunolog\u00eda.<br><br>Ana Mar\u00eda Monreal \u00c1vila, directora de Salud P\u00fablica de la SSZ, encabez\u00f3 la ceremonia, a nombre del titular de la dependencia, Uswaldo Pinedo Barrios; resalt\u00f3 la importancia de trabajar de manera interinstitucional con otros organismos y dependencias, as\u00ed como con los educadores y padres de familia para hacer un frente com\u00fan en contra del maltrato a los infantes.<br><br>Adem\u00e1s, inaugur\u00f3 una jornada de capacitaci\u00f3n para personal de salud, en la que se abordaron temas relacionados con la detecci\u00f3n oportuna de casos de violencia o maltrato, as\u00ed como su correcto seguimiento.<br><br>Al evento asistieron Lorena Lamas Arroyo, secretaria ejecutiva del Sistema de Protecci\u00f3n Integral de Ni\u00f1as, Ni\u00f1os y Adolescentes, as\u00ed como Karla Soledad Villalobos, enlace interinstitucional de la Secretar\u00eda de Educaci\u00f3n.<br><br>El maltrato infantil es un problema tambi\u00e9n de salud p\u00fablica, que afecta el \u00e1mbito familiar que nace y se replica en el contexto familiar, en algunos casos, como una gu\u00eda normalizada para establecer reglas y disciplinar a los hijos; sus consecuencias se presentan a  corto, mediano y largo plazo, las cuales afectan a toda la sociedad en su conjunto.<br><br>\u2014ooOoo\u2014<\/p>\n","protected":false},"excerpt":{"rendered":"<p>\u25aa\ufe0fRealizan jornada de capacitaci\u00f3n dirigida a personal de salud para la detecci\u00f3n oportuna de casos de violencia contra las y los menores\u25aa\ufe0fEl maltrato a los menores deja secuelas a corto, mediano y largo plazo y afecta a todo el entorno social Zacatecas, Zac., 25 de abril de 2023.- El bienestar infantil es un tema prioritario [&hellip;]<\/p>\n","protected":false},"author":3,"featured_media":13517,"comment_status":"open","ping_status":"open","sticky":false,"template":"","format":"standard","meta":{"footnotes":""},"categories":[4,22],"tags":[],"class_list":["post-13518","post","type-post","status-publish","format-standard","has-post-thumbnail","hentry","category-webgobierno","category-gobierno"],"jetpack_featured_media_url":"http:\/\/web-zac.com\/wp-content\/uploads\/2023\/04\/IMG-20230425-WA0193.jpg","_links":{"self":[{"href":"http:\/\/web-zac.com\/index.php?rest_route=\/wp\/v2\/posts\/13518","targetHints":{"allow":["GET"]}}],"collection":[{"href":"http:\/\/web-zac.com\/index.php?rest_route=\/wp\/v2\/posts"}],"about":[{"href":"http:\/\/web-zac.com\/index.php?rest_route=\/wp\/v2\/types\/post"}],"author":[{"embeddable":true,"href":"http:\/\/web-zac.com\/index.php?rest_route=\/wp\/v2\/users\/3"}],"replies":[{"embeddable":true,"href":"http:\/\/web-zac.com\/index.php?rest_route=%2Fwp%2Fv2%2Fcomments&post=13518"}],"version-history":[{"count":1,"href":"http:\/\/web-zac.com\/index.php?rest_route=\/wp\/v2\/posts\/13518\/revisions"}],"predecessor-version":[{"id":13519,"href":"http:\/\/web-zac.com\/index.php?rest_route=\/wp\/v2\/posts\/13518\/revisions\/13519"}],"wp:featuredmedia":[{"embeddable":true,"href":"http:\/\/web-zac.com\/index.php?rest_route=\/wp\/v2\/media\/13517"}],"wp:attachment":[{"href":"http:\/\/web-zac.com\/index.php?rest_route=%2Fwp%2Fv2%2Fmedia&parent=13518"}],"wp:term":[{"taxonomy":"category","embeddable":true,"href":"http:\/\/web-zac.com\/index.php?rest_route=%2Fwp%2Fv2%2Fcategories&post=13518"},{"taxonomy":"post_tag","embeddable":true,"href":"http:\/\/web-zac.com\/index.php?rest_route=%2Fwp%2Fv2%2Ftags&post=13518"}],"curies":[{"name":"wp","href":"https:\/\/api.w.org\/{rel}","templated":true}]}}