{"id":13509,"date":"2023-04-25T18:24:06","date_gmt":"2023-04-25T23:24:06","guid":{"rendered":"http:\/\/web-zac.com\/?p=13509"},"modified":"2023-04-25T18:24:21","modified_gmt":"2023-04-25T23:24:21","slug":"pone-en-marcha-gobernador-david-monreal-avila-sistema-fotovoltaico-de-la-utzac","status":"publish","type":"post","link":"http:\/\/web-zac.com\/?p=13509","title":{"rendered":"Pone en marcha Gobernador David Monreal \u00c1vila sistema fotovoltaico de la UTZAC.<br>"},"content":{"rendered":"\n<figure class=\"wp-block-image\"><img loading=\"lazy\" decoding=\"async\" width=\"1024\" height=\"683\" src=\"http:\/\/web-zac.com\/wp-content\/uploads\/2023\/04\/IMG-20230425-WA0148-1024x683.jpg\" alt=\"\" class=\"wp-image-13508\" srcset=\"http:\/\/web-zac.com\/wp-content\/uploads\/2023\/04\/IMG-20230425-WA0148-1024x683.jpg 1024w, http:\/\/web-zac.com\/wp-content\/uploads\/2023\/04\/IMG-20230425-WA0148-300x200.jpg 300w, http:\/\/web-zac.com\/wp-content\/uploads\/2023\/04\/IMG-20230425-WA0148-768x512.jpg 768w, http:\/\/web-zac.com\/wp-content\/uploads\/2023\/04\/IMG-20230425-WA0148.jpg 1116w\" sizes=\"auto, (max-width: 1024px) 100vw, 1024px\" \/><\/figure>\n\n\n\n<p><br>\u25aa\ufe0fEl sistema tiene una potencia el\u00e9ctrica de 139 mil 520 watts y representa un ahorro del 90% del costo de la energ\u00eda el\u00e9ctrica que utiliza la universidad<br>\u25aa\ufe0fEn el marco del 25 aniversario de la instituci\u00f3n, puso a disposici\u00f3n del alumnado recursos desde 50 hasta 500 mil pesos para financiar proyectos viables<br>\u25aa\ufe0fSoy un convencido que lo que verdaderamente transforma a los pueblos, a las sociedades, a las familias, es el conocimiento, dijo<br><br>Zacatecas, Zac., 25 de abril de 2023.- El Gobernador David Monreal \u00c1vila puso en marcha el sistema fotovoltaico de la Universidad Tecnol\u00f3gica del Estado de Zacatecas (UTZAC) como muestra de su compromiso en materia ambiental y de innovaci\u00f3n tecnol\u00f3gica para contribuir al bienestar y progreso de la comunidad universitaria y, a trav\u00e9s de ellos, al de la entidad.<br><br>\u201cSoy un convencido que lo que verdaderamente transforma a los pueblos, a las sociedades, a las familias, es el conocimiento y puedo presumir que en Zacatecas hay mucho conocimiento, mucha capacidad. Por eso estoy empe\u00f1ado en robustecer la educaci\u00f3n\u201d, dijo.<br><br>En el marco del 25 aniversario de la UTZAC, el Gobernador David Monreal \u00c1vila puso a disposici\u00f3n de las y los estudiantes de este centro educativo una bolsa para cristalizar los proyectos viables, con montos desde 50 mil hasta 500 mil pesos, en la primera etapa. Adem\u00e1s, inform\u00f3 que dar\u00e1 respuesta  solicitud de instalar un gimnasio de primer nivel en sus instalaciones.<br><br>Para todo el sector estudiantil de la entidad, el mandatario inform\u00f3 tambi\u00e9n que el pr\u00f3ximo 19 de mayo se presentar\u00e1 Residente en concierto para festejar el D\u00eda del Estudiante.<br><br>El sistema fotovoltaico, que est\u00e1 interconectado con la red de la Comisi\u00f3n Federal de Electricidad (CFE), consta de 256 paneles solares, cuatro inversores, medidor y tablero de control, entre otros elementos. <br><br>Tiene una potencia el\u00e9ctrica de 139 mil 520 watts y representa un ahorro del 90 por ciento de la energ\u00eda el\u00e9ctrica que utiliza la UTZAC. La inversi\u00f3n fue de 3.7 millones de pesos del Fondo de Aportaciones M\u00faltiples.<br><br>El Rector de la UTZAC, Gonzalo Franco Gardu\u00f1o destac\u00f3 que dicho sistema es fruto del trabajo colaborativo entre la Universidad y los distintos \u00f3rdenes de gobierno para fomentar las tecnolog\u00edas limpias en bienestar, no s\u00f3lo del alumnado. <br><br>\u201cEs un esfuerzo importante que hace su gobierno y nosotros, comprometidos en que este es el camino para seguir avanzando por el progreso y bienestar de los zacatecanos\u201d, le dijo al mandatario estatal.<br><br>El Gobernador estuvo acompa\u00f1ado por la Delegada de Programas para el Desarrollo, Ver\u00f3nica D\u00edaz Robles; el Presidente Municipal de Guadalupe, Jos\u00e9 Sald\u00edvar Alcalde; la Secretaria de Educaci\u00f3n, Maribel Villalpando Haro; la Directora del Instituto Zacatecano para la Construcci\u00f3n de Escuelas, Laura Berm\u00fadez Vald\u00e9s y Bernardo Candelas de la Torre, enlace con la Secretar\u00eda de Educaci\u00f3n P\u00fablica.<br><br>En las mismas instalaciones de la instituci\u00f3n, el mandatario visit\u00f3 la Expo Integradora UTZAC 2023, que reuni\u00f3 115 proyectos de todas las carreras, en los que participaron unos 500 estudiantes, para que la comunidad universitaria, especialistas y p\u00fablico en general puedan observar las ideas que genera el alumnado en las \u00e1reas: administraci\u00f3n, mercadotecnia, tecnolog\u00edas de la informaci\u00f3n, industrial, mecatr\u00f3nica, mantenimiento, miner\u00eda, agricultura sustentable y protegida, energ\u00edas renovables y terapia f\u00edsica.<br><br>\u2014ooOoo\u2014<\/p>\n","protected":false},"excerpt":{"rendered":"<p>\u25aa\ufe0fEl sistema tiene una potencia el\u00e9ctrica de 139 mil 520 watts y representa un ahorro del 90% del costo de la energ\u00eda el\u00e9ctrica que utiliza la universidad\u25aa\ufe0fEn el marco del 25 aniversario de la instituci\u00f3n, puso a disposici\u00f3n del alumnado recursos desde 50 hasta 500 mil pesos para financiar proyectos viables\u25aa\ufe0fSoy un convencido que lo [&hellip;]<\/p>\n","protected":false},"author":3,"featured_media":13508,"comment_status":"open","ping_status":"open","sticky":false,"template":"","format":"standard","meta":{"footnotes":""},"categories":[4,22],"tags":[],"class_list":["post-13509","post","type-post","status-publish","format-standard","has-post-thumbnail","hentry","category-webgobierno","category-gobierno"],"jetpack_featured_media_url":"http:\/\/web-zac.com\/wp-content\/uploads\/2023\/04\/IMG-20230425-WA0148.jpg","_links":{"self":[{"href":"http:\/\/web-zac.com\/index.php?rest_route=\/wp\/v2\/posts\/13509","targetHints":{"allow":["GET"]}}],"collection":[{"href":"http:\/\/web-zac.com\/index.php?rest_route=\/wp\/v2\/posts"}],"about":[{"href":"http:\/\/web-zac.com\/index.php?rest_route=\/wp\/v2\/types\/post"}],"author":[{"embeddable":true,"href":"http:\/\/web-zac.com\/index.php?rest_route=\/wp\/v2\/users\/3"}],"replies":[{"embeddable":true,"href":"http:\/\/web-zac.com\/index.php?rest_route=%2Fwp%2Fv2%2Fcomments&post=13509"}],"version-history":[{"count":1,"href":"http:\/\/web-zac.com\/index.php?rest_route=\/wp\/v2\/posts\/13509\/revisions"}],"predecessor-version":[{"id":13510,"href":"http:\/\/web-zac.com\/index.php?rest_route=\/wp\/v2\/posts\/13509\/revisions\/13510"}],"wp:featuredmedia":[{"embeddable":true,"href":"http:\/\/web-zac.com\/index.php?rest_route=\/wp\/v2\/media\/13508"}],"wp:attachment":[{"href":"http:\/\/web-zac.com\/index.php?rest_route=%2Fwp%2Fv2%2Fmedia&parent=13509"}],"wp:term":[{"taxonomy":"category","embeddable":true,"href":"http:\/\/web-zac.com\/index.php?rest_route=%2Fwp%2Fv2%2Fcategories&post=13509"},{"taxonomy":"post_tag","embeddable":true,"href":"http:\/\/web-zac.com\/index.php?rest_route=%2Fwp%2Fv2%2Ftags&post=13509"}],"curies":[{"name":"wp","href":"https:\/\/api.w.org\/{rel}","templated":true}]}}