{"id":13506,"date":"2023-04-25T18:21:52","date_gmt":"2023-04-25T23:21:52","guid":{"rendered":"http:\/\/web-zac.com\/?p=13506"},"modified":"2023-04-25T18:21:59","modified_gmt":"2023-04-25T23:21:59","slug":"la-administracion-municipal-participa-en-el-censo-de-inegi","status":"publish","type":"post","link":"http:\/\/web-zac.com\/?p=13506","title":{"rendered":"LA ADMINISTRACI\u00d3N MUNICIPAL <br>PARTICIPA EN EL CENSO DE INEGI"},"content":{"rendered":"\n<figure class=\"wp-block-image\"><img loading=\"lazy\" decoding=\"async\" width=\"1024\" height=\"768\" src=\"http:\/\/web-zac.com\/wp-content\/uploads\/2023\/04\/IMG-20230425-WA0198-1024x768.jpg\" alt=\"\" class=\"wp-image-13505\" srcset=\"http:\/\/web-zac.com\/wp-content\/uploads\/2023\/04\/IMG-20230425-WA0198-1024x768.jpg 1024w, http:\/\/web-zac.com\/wp-content\/uploads\/2023\/04\/IMG-20230425-WA0198-300x225.jpg 300w, http:\/\/web-zac.com\/wp-content\/uploads\/2023\/04\/IMG-20230425-WA0198-768x576.jpg 768w, http:\/\/web-zac.com\/wp-content\/uploads\/2023\/04\/IMG-20230425-WA0198-1536x1152.jpg 1536w, http:\/\/web-zac.com\/wp-content\/uploads\/2023\/04\/IMG-20230425-WA0198-1200x900.jpg 1200w, http:\/\/web-zac.com\/wp-content\/uploads\/2023\/04\/IMG-20230425-WA0198.jpg 1600w\" sizes=\"auto, (max-width: 1024px) 100vw, 1024px\" \/><\/figure>\n\n\n\n<p>LA ADMINISTRACI\u00d3N MUNICIPAL <br>PARTICIPA EN EL CENSO DE INEGI <br><br><br>Fresnillo, Zac.- Este martes inici\u00f3 el operativo de levantamiento del Censo Nacional de Gobiernos y Demarcaciones Territoriales de la Ciudad de M\u00e9xico 2023 y la capacitaci\u00f3n inicial a informantes del municipio de Fresnillo. La finalidad es generar estad\u00edsticas relacionados con la gesti\u00f3n y desempe\u00f1o del gobierno municipal. <br>En representaci\u00f3n del presidente municipal Sa\u00fal Monreal \u00c1vila, el Secretario T\u00e9cnico, Andr\u00e9s V\u00e1zquez Ortega, recibi\u00f3 a Carlos Eduardo S\u00e1nchez Mart\u00ednez, Coordinador municipal del Instituto Nacional de Estad\u00edstica y Geograf\u00eda (INEGI), quien inform\u00f3 que durante abril y mayo se har\u00e1 el levantamiento de informaci\u00f3n en los m\u00f3dulos de Catastro, Seguridad P\u00fablica, Protecci\u00f3n Civil, Siapasf y Servicios P\u00fablicos, por mencionar algunos. Uno de los objetivos es contribuir al dise\u00f1o y evaluaci\u00f3n de las pol\u00edticas p\u00fablicas en dichas materias. <br>V\u00e1zquez Ortega detall\u00f3 que la administraci\u00f3n de Sa\u00fal Monreal siempre se ha mostrado abierta a participar, como lo hizo en 2019 y 2021, y ahora en este 2023. <br>Frente a esta situaci\u00f3n, se pidi\u00f3 a los departamentos y direcciones proporcionar la informaci\u00f3n requerida. <br><\/p>\n","protected":false},"excerpt":{"rendered":"<p>LA ADMINISTRACI\u00d3N MUNICIPAL PARTICIPA EN EL CENSO DE INEGI Fresnillo, Zac.- Este martes inici\u00f3 el operativo de levantamiento del Censo Nacional de Gobiernos y Demarcaciones Territoriales de la Ciudad de M\u00e9xico 2023 y la capacitaci\u00f3n inicial a informantes del municipio de Fresnillo. La finalidad es generar estad\u00edsticas relacionados con la gesti\u00f3n y desempe\u00f1o del gobierno [&hellip;]<\/p>\n","protected":false},"author":3,"featured_media":13505,"comment_status":"open","ping_status":"open","sticky":false,"template":"","format":"standard","meta":{"footnotes":""},"categories":[19,6],"tags":[],"class_list":["post-13506","post","type-post","status-publish","format-standard","has-post-thumbnail","hentry","category-fresnillo","category-webmunicipios"],"jetpack_featured_media_url":"http:\/\/web-zac.com\/wp-content\/uploads\/2023\/04\/IMG-20230425-WA0198.jpg","_links":{"self":[{"href":"http:\/\/web-zac.com\/index.php?rest_route=\/wp\/v2\/posts\/13506","targetHints":{"allow":["GET"]}}],"collection":[{"href":"http:\/\/web-zac.com\/index.php?rest_route=\/wp\/v2\/posts"}],"about":[{"href":"http:\/\/web-zac.com\/index.php?rest_route=\/wp\/v2\/types\/post"}],"author":[{"embeddable":true,"href":"http:\/\/web-zac.com\/index.php?rest_route=\/wp\/v2\/users\/3"}],"replies":[{"embeddable":true,"href":"http:\/\/web-zac.com\/index.php?rest_route=%2Fwp%2Fv2%2Fcomments&post=13506"}],"version-history":[{"count":1,"href":"http:\/\/web-zac.com\/index.php?rest_route=\/wp\/v2\/posts\/13506\/revisions"}],"predecessor-version":[{"id":13507,"href":"http:\/\/web-zac.com\/index.php?rest_route=\/wp\/v2\/posts\/13506\/revisions\/13507"}],"wp:featuredmedia":[{"embeddable":true,"href":"http:\/\/web-zac.com\/index.php?rest_route=\/wp\/v2\/media\/13505"}],"wp:attachment":[{"href":"http:\/\/web-zac.com\/index.php?rest_route=%2Fwp%2Fv2%2Fmedia&parent=13506"}],"wp:term":[{"taxonomy":"category","embeddable":true,"href":"http:\/\/web-zac.com\/index.php?rest_route=%2Fwp%2Fv2%2Fcategories&post=13506"},{"taxonomy":"post_tag","embeddable":true,"href":"http:\/\/web-zac.com\/index.php?rest_route=%2Fwp%2Fv2%2Ftags&post=13506"}],"curies":[{"name":"wp","href":"https:\/\/api.w.org\/{rel}","templated":true}]}}