{"id":13493,"date":"2023-04-24T18:13:18","date_gmt":"2023-04-24T23:13:18","guid":{"rendered":"http:\/\/web-zac.com\/?p=13493"},"modified":"2023-04-24T18:13:34","modified_gmt":"2023-04-24T23:13:34","slug":"va-claudia-sifuentes-de-la-planilla-sos-por-el-rescate-de-spauaz-y-defensa-de-contrato-colectivo","status":"publish","type":"post","link":"http:\/\/web-zac.com\/?p=13493","title":{"rendered":"Va Claudia Sifuentes de la Planilla SOS por el rescate de SPAUAZ y defensa de Contrato Colectivo"},"content":{"rendered":"\n<figure class=\"wp-block-image\"><img loading=\"lazy\" decoding=\"async\" width=\"1024\" height=\"768\" src=\"http:\/\/web-zac.com\/wp-content\/uploads\/2023\/04\/IMG-20230424-WA0175-1024x768.jpg\" alt=\"\" class=\"wp-image-13491\" srcset=\"http:\/\/web-zac.com\/wp-content\/uploads\/2023\/04\/IMG-20230424-WA0175-1024x768.jpg 1024w, http:\/\/web-zac.com\/wp-content\/uploads\/2023\/04\/IMG-20230424-WA0175-300x225.jpg 300w, http:\/\/web-zac.com\/wp-content\/uploads\/2023\/04\/IMG-20230424-WA0175-768x576.jpg 768w, http:\/\/web-zac.com\/wp-content\/uploads\/2023\/04\/IMG-20230424-WA0175-1536x1152.jpg 1536w, http:\/\/web-zac.com\/wp-content\/uploads\/2023\/04\/IMG-20230424-WA0175-1200x900.jpg 1200w, http:\/\/web-zac.com\/wp-content\/uploads\/2023\/04\/IMG-20230424-WA0175.jpg 1600w\" sizes=\"auto, (max-width: 1024px) 100vw, 1024px\" \/><\/figure>\n\n\n\n<p><\/p>\n\n\n\n<p>La planilla Soberan\u00eda Sindical (SOS) encabezada por Claudia Sifuentes Gallardo arranc\u00f3 su campa\u00f1a rumbo a la renovaci\u00f3n del Comit\u00e9 Ejecutivo 2023-2026 del Sindicato de Personal Acad\u00e9mico de la Universidad Aut\u00f3noma de Zacatecas (SPAUAZ) con los compromisos de asegurar las jubilaciones de los agremiados, garantizar su seguridad laboral, transparentar sus ahorros y darles certeza en la asignaci\u00f3n de sus cargas de trabajo.<br \/>El evento de inicio tuvo lugar en el campus Siglo XXI frente docentes de diferentes unidades acad\u00e9micas ante los que Sifuentes Gallardo destac\u00f3 que su planilla es independiente, que no representa al patr\u00f3n y que ninguno de sus integrantes est\u00e1 interesado en puestos pol\u00edticos o administrativos.<\/p>\n\n\n\n<p>Indic\u00f3 que uno de los mayores problemas de los agremiados al SPAUAZ son las cuentas individuales, ya que muchas de ellas ni siquiera est\u00e1n aperturadas, mientras que otras llegan con estados de cuentas en ceros o con ahorros m\u00ednimos.\u00bb Estamos haciendo el an\u00e1lisis y realmente nos est\u00e1n mandando a la indigencia\u00bb, reproch\u00f3.<\/p>\n\n\n\n<p>Expres\u00f3 que los problemas son de tal magnitud que no se resolver\u00e1n de la noche a la ma\u00f1ana, por lo que pidi\u00f3 la confianza de los agremiados en que ella y los integrantes de su planilla incidir\u00e1n en la parte patronal para que a la brevedad ponga en marcha los mecanismo adecuados para que se abran las cuentas que faltan y se actualicen los montos de las que se encuentran vac\u00edas.<\/p>\n\n\n\n<p>Resalt\u00f3 que el patr\u00f3n tiene la obligaci\u00f3n de gestionar y obtener los recursos para tener dichas cuentas al corriente, sin embargo, hasta el momento, no solo no lo ha hecho sino que la parte sindical le ha dado facilidades, como el acceso a recursos de la Fundaci\u00f3n del SPAUAZ, para que se pueda seguir evadiendo el tema.<\/p>\n\n\n\n<p>Al respecto, Gallardo Sifuentes, manifest\u00f3 que otro de sus compromisos es transparentar la Fundaci\u00f3n, ya que cada quincena se les descuenta una aportaci\u00f3n que no se ve reflejada, lo que les limita los beneficios que podr\u00edan obtener de su ahorro, toda vez que, adem\u00e1s de los pr\u00e9stamos, habr\u00eda la posibilidad de acceder recursos para material did\u00e1ctico, viajes a congresos, entre otros aspectos que satisfagan las necesidades de los afiliados.<\/p>\n\n\n\n<p>La candidata agreg\u00f3 que quien no conoce el Contrato Colectivo de Trabajo no lo puede defender, por lo que llam\u00f3 a los presentes a que lo conozcan y, una vez que con su apoyo alcance la dirigencia del sindicato, se unan para defenderlo.<\/p>\n","protected":false},"excerpt":{"rendered":"<p>La planilla Soberan\u00eda Sindical (SOS) encabezada por Claudia Sifuentes Gallardo arranc\u00f3 su campa\u00f1a rumbo a la renovaci\u00f3n del Comit\u00e9 Ejecutivo 2023-2026 del Sindicato de Personal Acad\u00e9mico de la Universidad Aut\u00f3noma de Zacatecas (SPAUAZ) con los compromisos de asegurar las jubilaciones de los agremiados, garantizar su seguridad laboral, transparentar sus ahorros y darles certeza en la [&hellip;]<\/p>\n","protected":false},"author":3,"featured_media":13491,"comment_status":"open","ping_status":"open","sticky":false,"template":"","format":"standard","meta":{"footnotes":""},"categories":[15,4],"tags":[],"class_list":["post-13493","post","type-post","status-publish","format-standard","has-post-thumbnail","hentry","category-educacion","category-webgobierno"],"jetpack_featured_media_url":"http:\/\/web-zac.com\/wp-content\/uploads\/2023\/04\/IMG-20230424-WA0175.jpg","_links":{"self":[{"href":"http:\/\/web-zac.com\/index.php?rest_route=\/wp\/v2\/posts\/13493","targetHints":{"allow":["GET"]}}],"collection":[{"href":"http:\/\/web-zac.com\/index.php?rest_route=\/wp\/v2\/posts"}],"about":[{"href":"http:\/\/web-zac.com\/index.php?rest_route=\/wp\/v2\/types\/post"}],"author":[{"embeddable":true,"href":"http:\/\/web-zac.com\/index.php?rest_route=\/wp\/v2\/users\/3"}],"replies":[{"embeddable":true,"href":"http:\/\/web-zac.com\/index.php?rest_route=%2Fwp%2Fv2%2Fcomments&post=13493"}],"version-history":[{"count":1,"href":"http:\/\/web-zac.com\/index.php?rest_route=\/wp\/v2\/posts\/13493\/revisions"}],"predecessor-version":[{"id":13494,"href":"http:\/\/web-zac.com\/index.php?rest_route=\/wp\/v2\/posts\/13493\/revisions\/13494"}],"wp:featuredmedia":[{"embeddable":true,"href":"http:\/\/web-zac.com\/index.php?rest_route=\/wp\/v2\/media\/13491"}],"wp:attachment":[{"href":"http:\/\/web-zac.com\/index.php?rest_route=%2Fwp%2Fv2%2Fmedia&parent=13493"}],"wp:term":[{"taxonomy":"category","embeddable":true,"href":"http:\/\/web-zac.com\/index.php?rest_route=%2Fwp%2Fv2%2Fcategories&post=13493"},{"taxonomy":"post_tag","embeddable":true,"href":"http:\/\/web-zac.com\/index.php?rest_route=%2Fwp%2Fv2%2Ftags&post=13493"}],"curies":[{"name":"wp","href":"https:\/\/api.w.org\/{rel}","templated":true}]}}