{"id":13479,"date":"2023-04-24T18:03:27","date_gmt":"2023-04-24T23:03:27","guid":{"rendered":"http:\/\/web-zac.com\/?p=13479"},"modified":"2023-04-24T18:03:51","modified_gmt":"2023-04-24T23:03:51","slug":"ratifica-gobernador-david-monreal-avila-a-yaseth-hernandez-huerta-como-coordinadora-general-de-la-fenaza-2023","status":"publish","type":"post","link":"http:\/\/web-zac.com\/?p=13479","title":{"rendered":"Ratifica Gobernador David Monreal \u00c1vila a Yaseth Hern\u00e1ndez Huerta como Coordinadora General de la Fenaza 2023"},"content":{"rendered":"\n<figure class=\"wp-block-image\"><img loading=\"lazy\" decoding=\"async\" width=\"1024\" height=\"682\" src=\"http:\/\/web-zac.com\/wp-content\/uploads\/2023\/04\/IMG-20230424-WA0169-1024x682.jpg\" alt=\"\" class=\"wp-image-13478\" srcset=\"http:\/\/web-zac.com\/wp-content\/uploads\/2023\/04\/IMG-20230424-WA0169-1024x682.jpg 1024w, http:\/\/web-zac.com\/wp-content\/uploads\/2023\/04\/IMG-20230424-WA0169-300x200.jpg 300w, http:\/\/web-zac.com\/wp-content\/uploads\/2023\/04\/IMG-20230424-WA0169-768x512.jpg 768w, http:\/\/web-zac.com\/wp-content\/uploads\/2023\/04\/IMG-20230424-WA0169-1536x1023.jpg 1536w, http:\/\/web-zac.com\/wp-content\/uploads\/2023\/04\/IMG-20230424-WA0169-1200x800.jpg 1200w, http:\/\/web-zac.com\/wp-content\/uploads\/2023\/04\/IMG-20230424-WA0169.jpg 1600w\" sizes=\"auto, (max-width: 1024px) 100vw, 1024px\" \/><\/figure>\n\n\n\n<p><br><br>\u25aa\ufe0f\u201cEstamos a tiempo para hacer una buena feria; tambi\u00e9n ha llegado el momento para grandes desaf\u00edos\u201d: DMA<br><br>Zacatecas, Zac., a 24 de abril de 2023.- Durante la Primera Sesi\u00f3n Ordinaria 2023 del Patronato de la Feria Nacional de Zacatecas, encabezada por el Gobernador David Monreal \u00c1vila y su esposa, la Presidenta Honor\u00edfica del SEDIF, Sara Hern\u00e1ndez de Monreal, fue ratificado el nombramiento de Yaseth Hern\u00e1ndez Huerta como Coordinadora General de la Fenaza, en su edici\u00f3n 2023.<br><br>El mandatario estatal David Monreal \u00c1vila expres\u00f3 que parte del empe\u00f1o al estar al frente del Gobierno de Zacatecas es demostrar que se puede hacer una fiesta digna, con beneficio para el comerciante, por lo que llam\u00f3 a que se participe con creatividad.<br><br>\u201cEstamos a tiempo para hacer una buena feria; tambi\u00e9n ha llegado el momento para grandes desaf\u00edos; creo y auguro que vamos a tener una buena feria; ofrezco mi compromiso y la voluntad para Zacatecas\u201d, dijo. <br><br>Por su parte, Sara Hern\u00e1ndez de Monreal hizo referencia de la feria en su edici\u00f3n 2022, en donde, dijo, \u201cZacatecas vivi\u00f3 un momento importante, familiar, en donde se reunieron ni\u00f1os, adolescentes y adultos\u201d.<br><br>Asimismo, pidi\u00f3 estar atentos en la selecci\u00f3n de los atractivos para que los espect\u00e1culos impriman una feria colorida y segura.<br><br>En el evento estuvo presente Humberto de la Torre, vocal del Patronato de la Feria y director general del SEDIF; Rodrigo Casta\u00f1eda Miranda, secretario de Econom\u00eda; Le Roy Barrag\u00e1n Ocampo, secretario de Turismo; Pablo Mauricio Landeros, en representaci\u00f3n de la Secretar\u00eda de Administraci\u00f3n; Jes\u00fas L\u00f3pez del Bosque, representante de la C\u00e1mara Nacional de Comercio, y Miguel F\u00e9lix Carrillo, representante del Ayuntamiento de Zacatecas.<br><br>\u2014ooOoo\u2014<\/p>\n","protected":false},"excerpt":{"rendered":"<p>\u25aa\ufe0f\u201cEstamos a tiempo para hacer una buena feria; tambi\u00e9n ha llegado el momento para grandes desaf\u00edos\u201d: DMA Zacatecas, Zac., a 24 de abril de 2023.- Durante la Primera Sesi\u00f3n Ordinaria 2023 del Patronato de la Feria Nacional de Zacatecas, encabezada por el Gobernador David Monreal \u00c1vila y su esposa, la Presidenta Honor\u00edfica del SEDIF, Sara [&hellip;]<\/p>\n","protected":false},"author":3,"featured_media":13478,"comment_status":"open","ping_status":"open","sticky":false,"template":"","format":"standard","meta":{"footnotes":""},"categories":[11,7,4,22,13],"tags":[],"class_list":["post-13479","post","type-post","status-publish","format-standard","has-post-thumbnail","hentry","category-cultura","category-webentretenimiento","category-webgobierno","category-gobierno","category-turismo"],"jetpack_featured_media_url":"http:\/\/web-zac.com\/wp-content\/uploads\/2023\/04\/IMG-20230424-WA0169.jpg","_links":{"self":[{"href":"http:\/\/web-zac.com\/index.php?rest_route=\/wp\/v2\/posts\/13479","targetHints":{"allow":["GET"]}}],"collection":[{"href":"http:\/\/web-zac.com\/index.php?rest_route=\/wp\/v2\/posts"}],"about":[{"href":"http:\/\/web-zac.com\/index.php?rest_route=\/wp\/v2\/types\/post"}],"author":[{"embeddable":true,"href":"http:\/\/web-zac.com\/index.php?rest_route=\/wp\/v2\/users\/3"}],"replies":[{"embeddable":true,"href":"http:\/\/web-zac.com\/index.php?rest_route=%2Fwp%2Fv2%2Fcomments&post=13479"}],"version-history":[{"count":1,"href":"http:\/\/web-zac.com\/index.php?rest_route=\/wp\/v2\/posts\/13479\/revisions"}],"predecessor-version":[{"id":13480,"href":"http:\/\/web-zac.com\/index.php?rest_route=\/wp\/v2\/posts\/13479\/revisions\/13480"}],"wp:featuredmedia":[{"embeddable":true,"href":"http:\/\/web-zac.com\/index.php?rest_route=\/wp\/v2\/media\/13478"}],"wp:attachment":[{"href":"http:\/\/web-zac.com\/index.php?rest_route=%2Fwp%2Fv2%2Fmedia&parent=13479"}],"wp:term":[{"taxonomy":"category","embeddable":true,"href":"http:\/\/web-zac.com\/index.php?rest_route=%2Fwp%2Fv2%2Fcategories&post=13479"},{"taxonomy":"post_tag","embeddable":true,"href":"http:\/\/web-zac.com\/index.php?rest_route=%2Fwp%2Fv2%2Ftags&post=13479"}],"curies":[{"name":"wp","href":"https:\/\/api.w.org\/{rel}","templated":true}]}}