{"id":13476,"date":"2023-04-24T18:00:19","date_gmt":"2023-04-24T23:00:19","guid":{"rendered":"http:\/\/web-zac.com\/?p=13476"},"modified":"2023-04-24T18:00:34","modified_gmt":"2023-04-24T23:00:34","slug":"colaborara-cecytez-con-instancias-educativas-y-de-la-sociedad-civil-para-promover-la-lectura","status":"publish","type":"post","link":"http:\/\/web-zac.com\/?p=13476","title":{"rendered":"Colaborar\u00e1 Cecytez con instancias educativas y de la sociedad civil para promover la lectura<br>"},"content":{"rendered":"\n<figure class=\"wp-block-image\"><img loading=\"lazy\" decoding=\"async\" width=\"1024\" height=\"576\" src=\"http:\/\/web-zac.com\/wp-content\/uploads\/2023\/04\/IMG-20230424-WA0164-1024x576.jpg\" alt=\"\" class=\"wp-image-13475\" srcset=\"http:\/\/web-zac.com\/wp-content\/uploads\/2023\/04\/IMG-20230424-WA0164-1024x576.jpg 1024w, http:\/\/web-zac.com\/wp-content\/uploads\/2023\/04\/IMG-20230424-WA0164-300x169.jpg 300w, http:\/\/web-zac.com\/wp-content\/uploads\/2023\/04\/IMG-20230424-WA0164-768x432.jpg 768w, http:\/\/web-zac.com\/wp-content\/uploads\/2023\/04\/IMG-20230424-WA0164-1536x864.jpg 1536w, http:\/\/web-zac.com\/wp-content\/uploads\/2023\/04\/IMG-20230424-WA0164-1200x675.jpg 1200w, http:\/\/web-zac.com\/wp-content\/uploads\/2023\/04\/IMG-20230424-WA0164.jpg 1600w\" sizes=\"auto, (max-width: 1024px) 100vw, 1024px\" \/><\/figure>\n\n\n\n<p><br>\u25aa\ufe0fEl Cecytez y otras instancias educativas y de la sociedad civil firmaron un convenio de colaboraci\u00f3n con la Fundaci\u00f3n \u201cM\u00e1s Lectura, Un Mundo Mejor\u201d<br><br>Zacatecas, Zac., 24 de abril de 2023.- En el marco de la celebraci\u00f3n del D\u00eda Mundial del Libro, el Colegio de Estudios Cient\u00edficos y Tecnol\u00f3gicos del Estado de Zacatecas (Cecytez) firm\u00f3 un convenio con la Fundaci\u00f3n \u201cM\u00e1s Lectura, Un Mundo Mejor\u00bb, con la finalidad de colaborar con otras instancias educativas y de la sociedad civil, para fomentar la lectura entre la ni\u00f1ez y la juventud zacatecana.<br><br>El Director General del Cecytez, Julio C\u00e9sar Ortiz Fuentes, reconoci\u00f3 el trabajo permanente que realiza la Fundaci\u00f3n que preside Selene Salas S\u00e1nchez, del cual dijo, sus acciones son compatibles con la estrategia para la construcci\u00f3n de paz  que encabeza el Gobernador David Monreal \u00c1vila.<br><br>Por lo anterior, asegur\u00f3 que es importante la suma del trabajo de estas instancias para fortalecer toda actividad que se traduzca en la generaci\u00f3n de bienestar y progreso para la sociedad de la entidad.<br><br>Adem\u00e1s del Cecytez, suscribieron el convenio el Presidente de la Comisi\u00f3n Nacional para la Cultura de Paz (Comnapaz) en Zacatecas, Horacio Erik Silva; el Director del Centro de Crecimiento Humanista, Osvaldo \u00c1lvarez Crespo; la Directora de la colectiva Plumas del Desierto, Sonia Ibarra Valdez; y la Directora del Centro Educativo Nunutzi, Ang\u00e9lica Blanco Lozada; a cuyos titulares la presidenta de la fundaci\u00f3n dedicada a la promoci\u00f3n de la lectura agradeci\u00f3 su compromiso y disposici\u00f3n para trabajar en favor de ni\u00f1as, ni\u00f1os y j\u00f3venes.<br><br>A la firma del convenio asisti\u00f3 como testigo de honor el Director del Sistema Zacatecano de Radio y Televisi\u00f3n (Sizart), Hermelio Camarillo Conde.<br><br>\u2014ooOoo\u2014<\/p>\n","protected":false},"excerpt":{"rendered":"<p>\u25aa\ufe0fEl Cecytez y otras instancias educativas y de la sociedad civil firmaron un convenio de colaboraci\u00f3n con la Fundaci\u00f3n \u201cM\u00e1s Lectura, Un Mundo Mejor\u201d Zacatecas, Zac., 24 de abril de 2023.- En el marco de la celebraci\u00f3n del D\u00eda Mundial del Libro, el Colegio de Estudios Cient\u00edficos y Tecnol\u00f3gicos del Estado de Zacatecas (Cecytez) firm\u00f3 [&hellip;]<\/p>\n","protected":false},"author":3,"featured_media":13475,"comment_status":"open","ping_status":"open","sticky":false,"template":"","format":"standard","meta":{"footnotes":""},"categories":[4,22],"tags":[],"class_list":["post-13476","post","type-post","status-publish","format-standard","has-post-thumbnail","hentry","category-webgobierno","category-gobierno"],"jetpack_featured_media_url":"http:\/\/web-zac.com\/wp-content\/uploads\/2023\/04\/IMG-20230424-WA0164.jpg","_links":{"self":[{"href":"http:\/\/web-zac.com\/index.php?rest_route=\/wp\/v2\/posts\/13476","targetHints":{"allow":["GET"]}}],"collection":[{"href":"http:\/\/web-zac.com\/index.php?rest_route=\/wp\/v2\/posts"}],"about":[{"href":"http:\/\/web-zac.com\/index.php?rest_route=\/wp\/v2\/types\/post"}],"author":[{"embeddable":true,"href":"http:\/\/web-zac.com\/index.php?rest_route=\/wp\/v2\/users\/3"}],"replies":[{"embeddable":true,"href":"http:\/\/web-zac.com\/index.php?rest_route=%2Fwp%2Fv2%2Fcomments&post=13476"}],"version-history":[{"count":1,"href":"http:\/\/web-zac.com\/index.php?rest_route=\/wp\/v2\/posts\/13476\/revisions"}],"predecessor-version":[{"id":13477,"href":"http:\/\/web-zac.com\/index.php?rest_route=\/wp\/v2\/posts\/13476\/revisions\/13477"}],"wp:featuredmedia":[{"embeddable":true,"href":"http:\/\/web-zac.com\/index.php?rest_route=\/wp\/v2\/media\/13475"}],"wp:attachment":[{"href":"http:\/\/web-zac.com\/index.php?rest_route=%2Fwp%2Fv2%2Fmedia&parent=13476"}],"wp:term":[{"taxonomy":"category","embeddable":true,"href":"http:\/\/web-zac.com\/index.php?rest_route=%2Fwp%2Fv2%2Fcategories&post=13476"},{"taxonomy":"post_tag","embeddable":true,"href":"http:\/\/web-zac.com\/index.php?rest_route=%2Fwp%2Fv2%2Ftags&post=13476"}],"curies":[{"name":"wp","href":"https:\/\/api.w.org\/{rel}","templated":true}]}}