{"id":13470,"date":"2023-04-24T17:48:26","date_gmt":"2023-04-24T22:48:26","guid":{"rendered":"http:\/\/web-zac.com\/?p=13470"},"modified":"2023-04-24T17:49:02","modified_gmt":"2023-04-24T22:49:02","slug":"nuevamente-alumnas-de-preparatoria-seleccionadas-para-representar-a-zacatecas-en-olimpiada-de-matematicas","status":"publish","type":"post","link":"http:\/\/web-zac.com\/?p=13470","title":{"rendered":"Nuevamente alumnas de Preparatoria seleccionadas para representar a Zacatecas en Olimpiada de Matem\u00e1ticas"},"content":{"rendered":"\n<figure class=\"wp-block-image\"><img loading=\"lazy\" decoding=\"async\" width=\"300\" height=\"164\" src=\"http:\/\/web-zac.com\/wp-content\/uploads\/2023\/04\/IMG-20230424-WA0145-300x164.jpg\" alt=\"\" class=\"wp-image-13469\" srcset=\"http:\/\/web-zac.com\/wp-content\/uploads\/2023\/04\/IMG-20230424-WA0145-300x164.jpg 300w, http:\/\/web-zac.com\/wp-content\/uploads\/2023\/04\/IMG-20230424-WA0145-768x420.jpg 768w, http:\/\/web-zac.com\/wp-content\/uploads\/2023\/04\/IMG-20230424-WA0145.jpg 962w\" sizes=\"auto, (max-width: 300px) 100vw, 300px\" \/><\/figure>\n\n\n\n<p><\/p>\n\n\n\n<p><br>Alumnas de la Unidad Acad\u00e9mica Preparatoria, Plantel 2, fueron seleccionadas para participar en la 1a. Olimpiada Nacional de Matem\u00e1ticas \u201cCarlos Bosch Giral\u201d para estudiantes de bachillerato, que se llevar\u00e1 a cabo del 1 al 4 de junio en Santiago de Quer\u00e9taro, Quer\u00e9taro, convocado por la Asociaci\u00f3n Nacional de Profesores de Matem\u00e1ticas, A.C. <br>   Ver\u00f3nica Eileen Sosa Ram\u00edrez de segundo semestre y Katherin Vanessa Flores Trejo del sexto semestre, luego de varias evaluaciones realizados resultaron seleccionadas para ser parte de la delegaci\u00f3n zacatecana que representar\u00e1 al estado. <br>   El docente de la Academia de Matem\u00e1ticas del Programa 2, Roberto Ch\u00e1vez Ortiz, presente en el evento que se llev\u00f3 a cabo este fin de semana en el Auditorio del Centro de Comunicaci\u00f3n y Divulgaci\u00f3n de la Ciencia \u201cGalileo Galilei\u201d, del Consejo Zacatecano de Ciencia, Tecnolog\u00eda e Innovaci\u00f3n (COZCyT) felicit\u00f3 a las j\u00f3venes al igual que a sus padres por seguir adelante en estos concursos. <br>   Destac\u00f3 que, como docente de ellas, hay m\u00e1s compromiso para seguir en su preparaci\u00f3n de manera paralela con los entrenamientos que reciben de parte del COZCyT, por lo que dijo \u201cme tengo que entregar m\u00e1s a ellas\u201d. <br>   Por su parte el delegado Estatal de Zacatecas, Jos\u00e9 Tiscare\u00f1o Berm\u00fadez indic\u00f3 que desde el mes de enero se estuvo trabajando en los entrenamientos para prepararlos no s\u00f3lo para esta competencia sino para otras que est\u00e1n en puerta. <br>   Para la conformaci\u00f3n de la Delegaci\u00f3n dijo, se realizaron 10 ex\u00e1menes \u201cmuy extenuantes\u201d y la sumatoria es la que arrojo los filtros para la selecci\u00f3n de dos j\u00f3venes por grado escolar, iniciando desde primero de primaria hasta tercer a\u00f1o de bachillerato, ubicados en 12 categor\u00edas por lo que ser\u00e1n 24 alumnos los que representen a Zacatecas. <br>   Tenemos altas expectativas de esta delegaci\u00f3n afirm\u00f3 Tiscare\u00f1o Berm\u00fadez, por lo que se est\u00e1n preparando con antelaci\u00f3n, y destac\u00f3 que a partir de este d\u00eda empieza el entrenamiento con un nivel m\u00e1s alto para ganar medallas, \u201clas medallas las ganamos en el entrenamiento, all\u00e1 s\u00f3lo vamos a colg\u00e1rnoslas\u201d. <\/p>\n","protected":false},"excerpt":{"rendered":"<p>Alumnas de la Unidad Acad\u00e9mica Preparatoria, Plantel 2, fueron seleccionadas para participar en la 1a. Olimpiada Nacional de Matem\u00e1ticas \u201cCarlos Bosch Giral\u201d para estudiantes de bachillerato, que se llevar\u00e1 a cabo del 1 al 4 de junio en Santiago de Quer\u00e9taro, Quer\u00e9taro, convocado por la Asociaci\u00f3n Nacional de Profesores de Matem\u00e1ticas, A.C. Ver\u00f3nica Eileen Sosa [&hellip;]<\/p>\n","protected":false},"author":3,"featured_media":13469,"comment_status":"open","ping_status":"open","sticky":false,"template":"","format":"standard","meta":{"footnotes":""},"categories":[15],"tags":[],"class_list":["post-13470","post","type-post","status-publish","format-standard","has-post-thumbnail","hentry","category-educacion"],"jetpack_featured_media_url":"http:\/\/web-zac.com\/wp-content\/uploads\/2023\/04\/IMG-20230424-WA0145.jpg","_links":{"self":[{"href":"http:\/\/web-zac.com\/index.php?rest_route=\/wp\/v2\/posts\/13470","targetHints":{"allow":["GET"]}}],"collection":[{"href":"http:\/\/web-zac.com\/index.php?rest_route=\/wp\/v2\/posts"}],"about":[{"href":"http:\/\/web-zac.com\/index.php?rest_route=\/wp\/v2\/types\/post"}],"author":[{"embeddable":true,"href":"http:\/\/web-zac.com\/index.php?rest_route=\/wp\/v2\/users\/3"}],"replies":[{"embeddable":true,"href":"http:\/\/web-zac.com\/index.php?rest_route=%2Fwp%2Fv2%2Fcomments&post=13470"}],"version-history":[{"count":1,"href":"http:\/\/web-zac.com\/index.php?rest_route=\/wp\/v2\/posts\/13470\/revisions"}],"predecessor-version":[{"id":13471,"href":"http:\/\/web-zac.com\/index.php?rest_route=\/wp\/v2\/posts\/13470\/revisions\/13471"}],"wp:featuredmedia":[{"embeddable":true,"href":"http:\/\/web-zac.com\/index.php?rest_route=\/wp\/v2\/media\/13469"}],"wp:attachment":[{"href":"http:\/\/web-zac.com\/index.php?rest_route=%2Fwp%2Fv2%2Fmedia&parent=13470"}],"wp:term":[{"taxonomy":"category","embeddable":true,"href":"http:\/\/web-zac.com\/index.php?rest_route=%2Fwp%2Fv2%2Fcategories&post=13470"},{"taxonomy":"post_tag","embeddable":true,"href":"http:\/\/web-zac.com\/index.php?rest_route=%2Fwp%2Fv2%2Ftags&post=13470"}],"curies":[{"name":"wp","href":"https:\/\/api.w.org\/{rel}","templated":true}]}}