{"id":13467,"date":"2023-04-24T17:45:10","date_gmt":"2023-04-24T22:45:10","guid":{"rendered":"http:\/\/web-zac.com\/?p=13467"},"modified":"2023-04-24T17:45:23","modified_gmt":"2023-04-24T22:45:23","slug":"realizara-la-capital-grandes-actividades-por-el-dia-del-nino-y-la-nina-2023","status":"publish","type":"post","link":"http:\/\/web-zac.com\/?p=13467","title":{"rendered":"REALIZAR\u00c1 LA CAPITAL GRANDES ACTIVIDADES POR EL D\u00cdA DEL NI\u00d1O Y LA NI\u00d1A 2023"},"content":{"rendered":"\n<p>\n<br>\n<br>\u2022\tEl programa se realizar\u00e1 de 1:00 a 6:00 de la tarde en la Alameda Garc\u00eda de la Cadena.\n<br>\n<br>A trav\u00e9s del Sistema Municipal DIF, el Ayuntamiento de Zacatecas present\u00f3 el programa de actividades para el D\u00eda del Ni\u00f1o y de la Ni\u00f1a 2023 que se llevar\u00e1 a cabo en la Alameda Garc\u00eda de la Cadena.\n<br>\n<br>Maribel Herrera Lomel\u00ed, presidenta honor\u00edfica del DIF, dio a conocer que el domingo 30 de abril arrancar\u00e1n las actividades en la Alameda Garc\u00eda de la Cadena en punto de la 1:00 de la tarde. \n<br>\n<br>Coment\u00f3 que instalar\u00e1n juegos mec\u00e1nicos, brincolines, cabinas fotogr\u00e1ficas y se realizar\u00e1n talleres de dibujo, pintura, ajedrez, as\u00ed como la participaci\u00f3n de un pinta caritas y de la Granja de Don Robert. \n<br>\n<br>Herrera Lomel\u00ed explic\u00f3 que a su vez buscan dar espacios al talento local, por lo que se dar\u00e1 espacio al Colectivo Expr\u00e9sate Joven, quienes realizar\u00e1n actividades de break dance, skateboarding, grafiti, entre otras. \n<br>\n<br>Tambi\u00e9n participar\u00e1 el grupo de adultos mayores con una presentaci\u00f3n de baile de sal\u00f3n a las 3:00 de la tarde. \n<br> \n<br>Para dar continuidad al programa, la presidenta honor\u00edfica del DIF Municipal encabezar\u00e1 las acciones de fomento a la lectura con un cuento a las 4:00 de la tarde.\n<br>\n<br>A las 5:00 se presentar\u00e1 un show de botargas y despu\u00e9s finalizar\u00e1 el programa del D\u00eda del Ni\u00f1o y de la Ni\u00f1a con la presentaci\u00f3n de un divertido payaso. \n<br>\n<br>Para complementar el festejo, se contar\u00e1 con la participaci\u00f3n de comerciantes locales que ofertar\u00e1n sus productos gastron\u00f3micos para el deleite de todas las familias zacatecanas. \n<br>\n<br>Por su parte, Sandra Valdez de Alba, directora del DIF Municipal, inform\u00f3 que al finalizar el programa se rifar\u00e1n grandes premios, y podr\u00e1n participar todos los asistentes.\n<br>\n<br>Para facilitar el acceso y no entorpecer el tr\u00e1fico en la zona, dijo, se brindar\u00e1 servicio de estacionamiento en las instalaciones de la Uni\u00f3n Ganadera durante el horario del festejo.\n<br>\n<br>Herrera Lomel\u00ed mencion\u00f3 que en la comunidad de Benito Ju\u00e1rez tambi\u00e9n se realizar\u00e1 un festejo para los peque\u00f1os del hogar, que ser\u00e1 el mi\u00e9rcoles en punto de las 9:00 am, y as\u00ed consentir a todos los peque\u00f1os.\n<br><\/p>\n\n\n\n<figure class=\"wp-block-image size-large\"><img loading=\"lazy\" decoding=\"async\" width=\"1024\" height=\"640\" src=\"http:\/\/web-zac.com\/wp-content\/uploads\/2023\/04\/IMG-20230424-WA0162-1024x640.jpg\" alt=\"\" class=\"wp-image-13466\" srcset=\"http:\/\/web-zac.com\/wp-content\/uploads\/2023\/04\/IMG-20230424-WA0162-1024x640.jpg 1024w, http:\/\/web-zac.com\/wp-content\/uploads\/2023\/04\/IMG-20230424-WA0162-300x188.jpg 300w, http:\/\/web-zac.com\/wp-content\/uploads\/2023\/04\/IMG-20230424-WA0162-768x480.jpg 768w, http:\/\/web-zac.com\/wp-content\/uploads\/2023\/04\/IMG-20230424-WA0162-1200x750.jpg 1200w, http:\/\/web-zac.com\/wp-content\/uploads\/2023\/04\/IMG-20230424-WA0162.jpg 1280w\" sizes=\"auto, (max-width: 1024px) 100vw, 1024px\" \/><\/figure>\n","protected":false},"excerpt":{"rendered":"<p>\u2022 El programa se realizar\u00e1 de 1:00 a 6:00 de la tarde en la Alameda Garc\u00eda de la Cadena. A trav\u00e9s del Sistema Municipal DIF, el Ayuntamiento de Zacatecas present\u00f3 el programa de actividades para el D\u00eda del Ni\u00f1o y de la Ni\u00f1a 2023 que se llevar\u00e1 a cabo en la Alameda Garc\u00eda de la [&hellip;]<\/p>\n","protected":false},"author":3,"featured_media":13466,"comment_status":"open","ping_status":"open","sticky":false,"template":"","format":"standard","meta":{"footnotes":""},"categories":[6,18],"tags":[],"class_list":["post-13467","post","type-post","status-publish","format-standard","has-post-thumbnail","hentry","category-webmunicipios","category-zacatecas"],"jetpack_featured_media_url":"http:\/\/web-zac.com\/wp-content\/uploads\/2023\/04\/IMG-20230424-WA0162.jpg","_links":{"self":[{"href":"http:\/\/web-zac.com\/index.php?rest_route=\/wp\/v2\/posts\/13467","targetHints":{"allow":["GET"]}}],"collection":[{"href":"http:\/\/web-zac.com\/index.php?rest_route=\/wp\/v2\/posts"}],"about":[{"href":"http:\/\/web-zac.com\/index.php?rest_route=\/wp\/v2\/types\/post"}],"author":[{"embeddable":true,"href":"http:\/\/web-zac.com\/index.php?rest_route=\/wp\/v2\/users\/3"}],"replies":[{"embeddable":true,"href":"http:\/\/web-zac.com\/index.php?rest_route=%2Fwp%2Fv2%2Fcomments&post=13467"}],"version-history":[{"count":1,"href":"http:\/\/web-zac.com\/index.php?rest_route=\/wp\/v2\/posts\/13467\/revisions"}],"predecessor-version":[{"id":13468,"href":"http:\/\/web-zac.com\/index.php?rest_route=\/wp\/v2\/posts\/13467\/revisions\/13468"}],"wp:featuredmedia":[{"embeddable":true,"href":"http:\/\/web-zac.com\/index.php?rest_route=\/wp\/v2\/media\/13466"}],"wp:attachment":[{"href":"http:\/\/web-zac.com\/index.php?rest_route=%2Fwp%2Fv2%2Fmedia&parent=13467"}],"wp:term":[{"taxonomy":"category","embeddable":true,"href":"http:\/\/web-zac.com\/index.php?rest_route=%2Fwp%2Fv2%2Fcategories&post=13467"},{"taxonomy":"post_tag","embeddable":true,"href":"http:\/\/web-zac.com\/index.php?rest_route=%2Fwp%2Fv2%2Ftags&post=13467"}],"curies":[{"name":"wp","href":"https:\/\/api.w.org\/{rel}","templated":true}]}}