{"id":13456,"date":"2023-04-24T17:27:56","date_gmt":"2023-04-24T22:27:56","guid":{"rendered":"http:\/\/web-zac.com\/?p=13456"},"modified":"2023-04-24T17:28:09","modified_gmt":"2023-04-24T22:28:09","slug":"reconoce-gobierno-de-mexico-el-trabajo-para-la-construccion-de-la-paz-en-zacatecas-gobernador-david-monreal","status":"publish","type":"post","link":"http:\/\/web-zac.com\/?p=13456","title":{"rendered":"Reconoce Gobierno de M\u00e9xico el trabajo para la construcci\u00f3n de la paz en Zacatecas: Gobernador David Monreal <br>"},"content":{"rendered":"\n<figure class=\"wp-block-image\"><img loading=\"lazy\" decoding=\"async\" width=\"1024\" height=\"682\" src=\"http:\/\/web-zac.com\/wp-content\/uploads\/2023\/04\/IMG-20230424-WA0032-1024x682.jpg\" alt=\"\" class=\"wp-image-13455\" srcset=\"http:\/\/web-zac.com\/wp-content\/uploads\/2023\/04\/IMG-20230424-WA0032-1024x682.jpg 1024w, http:\/\/web-zac.com\/wp-content\/uploads\/2023\/04\/IMG-20230424-WA0032-300x200.jpg 300w, http:\/\/web-zac.com\/wp-content\/uploads\/2023\/04\/IMG-20230424-WA0032-768x511.jpg 768w, http:\/\/web-zac.com\/wp-content\/uploads\/2023\/04\/IMG-20230424-WA0032-1200x799.jpg 1200w, http:\/\/web-zac.com\/wp-content\/uploads\/2023\/04\/IMG-20230424-WA0032.jpg 1280w\" sizes=\"auto, (max-width: 1024px) 100vw, 1024px\" \/><\/figure>\n\n\n\n<p><br>\u25aa\ufe0f El mandatario estatal encabez\u00f3 los Honores a la Bandera en las instalaciones de la 11\u00aa Zona Militar<br>\u25aa\ufe0fHizo un reconocimiento a las corporaciones que se encargan de proteger a la poblaci\u00f3n<br><br>Guadalupe, Zac., 24 de abril de 2023.- Al refrendar su voluntad de continuar los esfuerzos por la construcci\u00f3n de la paz en el estado, el Gobernador David Monreal \u00c1vila indic\u00f3 que los valores patrios son los que unen a las y los zacatecanos y a las y los mexicanos, los que nos hacen ser solidarios, comprometidos, amar a nuestra gente y a nuestra Naci\u00f3n. <br><br>En la ceremonia de Honores a la Bandera que se llev\u00f3 a cabo en las instalaciones de la 11\u00aa Zona Militar, el mandatario estatal hizo un reconocimiento a las corporaciones que se encargan de proteger a la poblaci\u00f3n y expres\u00f3 que, mes con mes, semana tras semana, son objeto de evaluaci\u00f3n los resultados en esta materia.<br><br>Destac\u00f3 que la entidad fue merecedora de un reconocimiento a nivel nacional por el trabajo que se lleva a cabo de manera coordinada entre los \u00f3rdenes de Gobierno, lo que obedece a los aseguramientos, a las puestas a disposici\u00f3n, al desmantelamiento de bandas criminales y de los buenos resultados que se han dado para lograr la pacificaci\u00f3n del estado.<br><br>Seg\u00fan cifras dadas a conocer por la Secretar\u00eda de Seguridad y Protecci\u00f3n Ciudadana, el estado de Zacatecas se encuentra en el lugar n\u00famero 11, es decir, se ha logrado sacar a la entidad de los primeros lugares en incidencia delictiva.<br><br>En el caso de los municipios, se logr\u00f3 que ninguno de los 58 est\u00e9 considerado entre los 10 m\u00e1s inseguros del pa\u00eds.<br><br>El Gobernador David Monreal \u00c1vila expres\u00f3 su confianza en que, con todo este trabajo, se avance en la pacificaci\u00f3n y que, a finales del a\u00f1o, en el caso del estado, se pueda superar la media, irse hasta el lugar 16 o 17; en el caso de los municipios, sacarlos de los 50 municipios m\u00e1s inseguros del pa\u00eds, y \u00e9stos ser\u00edan resultados muy buenos para Zacatecas y su gente.<br><br>En el evento estuvieron presentes los alumnos del Bachillerato General Militarizado y el Bachillerato Policial, personal de enfermer\u00eda del Hospital Militar, el cuerpo de Defensa Rural, la Guardia Nacional y la Secretar\u00eda de la Defensa Nacional (Sedena).<br><br>Adem\u00e1s, asistieron integrantes de la Mesa Estatal de Construcci\u00f3n de Paz: el jefe del Estado Mayor de la 11\u00aa Zona Militar, El\u00edas Ruiz Aldaco; en representaci\u00f3n de la Guardia Nacional, Adalberto Moreno; la Delegada de Programas para el Desarrollo, Ver\u00f3nica del Carmen D\u00edaz Robles; el Secretario de Seguridad P\u00fablica, Arturo Medina Mayoral; el Fiscal General de Justicia del Estado, Francisco Jos\u00e9 Murillo Ruiseco; el Delegado de la Fiscal\u00eda General de la Rep\u00fablica, Cristian Paul Camacho, y el Secretario T\u00e9cnico de la Mesa, Osvaldo Cerrillo Garza.<br><br>\u2014ooOoo\u2014<\/p>\n","protected":false},"excerpt":{"rendered":"<p>\u25aa\ufe0f El mandatario estatal encabez\u00f3 los Honores a la Bandera en las instalaciones de la 11\u00aa Zona Militar\u25aa\ufe0fHizo un reconocimiento a las corporaciones que se encargan de proteger a la poblaci\u00f3n Guadalupe, Zac., 24 de abril de 2023.- Al refrendar su voluntad de continuar los esfuerzos por la construcci\u00f3n de la paz en el estado, [&hellip;]<\/p>\n","protected":false},"author":3,"featured_media":13455,"comment_status":"open","ping_status":"open","sticky":false,"template":"","format":"standard","meta":{"footnotes":""},"categories":[4,22],"tags":[],"class_list":["post-13456","post","type-post","status-publish","format-standard","has-post-thumbnail","hentry","category-webgobierno","category-gobierno"],"jetpack_featured_media_url":"http:\/\/web-zac.com\/wp-content\/uploads\/2023\/04\/IMG-20230424-WA0032.jpg","_links":{"self":[{"href":"http:\/\/web-zac.com\/index.php?rest_route=\/wp\/v2\/posts\/13456","targetHints":{"allow":["GET"]}}],"collection":[{"href":"http:\/\/web-zac.com\/index.php?rest_route=\/wp\/v2\/posts"}],"about":[{"href":"http:\/\/web-zac.com\/index.php?rest_route=\/wp\/v2\/types\/post"}],"author":[{"embeddable":true,"href":"http:\/\/web-zac.com\/index.php?rest_route=\/wp\/v2\/users\/3"}],"replies":[{"embeddable":true,"href":"http:\/\/web-zac.com\/index.php?rest_route=%2Fwp%2Fv2%2Fcomments&post=13456"}],"version-history":[{"count":1,"href":"http:\/\/web-zac.com\/index.php?rest_route=\/wp\/v2\/posts\/13456\/revisions"}],"predecessor-version":[{"id":13457,"href":"http:\/\/web-zac.com\/index.php?rest_route=\/wp\/v2\/posts\/13456\/revisions\/13457"}],"wp:featuredmedia":[{"embeddable":true,"href":"http:\/\/web-zac.com\/index.php?rest_route=\/wp\/v2\/media\/13455"}],"wp:attachment":[{"href":"http:\/\/web-zac.com\/index.php?rest_route=%2Fwp%2Fv2%2Fmedia&parent=13456"}],"wp:term":[{"taxonomy":"category","embeddable":true,"href":"http:\/\/web-zac.com\/index.php?rest_route=%2Fwp%2Fv2%2Fcategories&post=13456"},{"taxonomy":"post_tag","embeddable":true,"href":"http:\/\/web-zac.com\/index.php?rest_route=%2Fwp%2Fv2%2Ftags&post=13456"}],"curies":[{"name":"wp","href":"https:\/\/api.w.org\/{rel}","templated":true}]}}