{"id":13447,"date":"2023-04-24T17:19:38","date_gmt":"2023-04-24T22:19:38","guid":{"rendered":"http:\/\/web-zac.com\/?p=13447"},"modified":"2023-04-24T17:38:17","modified_gmt":"2023-04-24T22:38:17","slug":"conmemora-david-monreal-el-39-aniversario-de-radio-zacatecas-y-entrega-equipo-a-sizart","status":"publish","type":"post","link":"http:\/\/web-zac.com\/?p=13447","title":{"rendered":"Conmemora David Monreal el 39 aniversario de Radio Zacatecas y entrega equipo a Sizart."},"content":{"rendered":"\n<p><br \/><br \/>\u25aa\ufe0fCelebr\u00f3 con las y los trabajadores las casi cuatro d\u00e9cadas del espacio que naci\u00f3 como Radio Zacatecas; recibieron c\u00e1maras, computadoras, micr\u00f3fonos y otros<br \/>\u25aa\ufe0fAnunci\u00f3 que mejorar\u00e1 las condiciones f\u00edsicas, tecnol\u00f3gicas y laborales del Sistema de Radio y Televisi\u00f3n; este a\u00f1o la inversi\u00f3n ser\u00e1 de 15 millones de pesos<br \/>\u25aa\ufe0fEl Sizart es un buen medio para aspirar a una sociedad de libertades, con una ciudadan\u00eda que exija y sea cr\u00edtica, destac\u00f3 el mandatario <br \/><br \/>Zacatecas, Zac., 24 de abril de 2023.- Al conmemorar el 39 aniversario de Radio Zacatecas, el Gobernador David Monreal \u00c1vila anunci\u00f3 que mejorar\u00e1 las condiciones f\u00edsicas, tecnol\u00f3gicas y laborales para fortalecer y poner a la vanguardia al Sistema Zacatecano de Radio y Televisi\u00f3n (Sizart) ya que, dijo, es un espacio fundamental para avanzar hacia una sociedad con bienestar y progreso. <br \/><br \/>Luego de entregar a las y los trabajadores equipo por m\u00e1s de 3 millones de pesos, el mandatario consider\u00f3 que el Sizart es un buen medio para aspirar a una sociedad de libertades, con una ciudadan\u00eda que exija y sea cr\u00edtica; en ese sentido, dio a conocer que, para lo que resta de este 2023, invertir\u00e1 en tecnolog\u00eda 15 millones de pesos.<br \/><br \/>De modo que, en el marco del aniversario del medio que naci\u00f3 como Radio Zacatecas 97.9, Monreal \u00c1vila inici\u00f3 con la entrega de los primeros equipos que permitir\u00e1n ampliar las capacidades de cobertura y producci\u00f3n de contenidos encaminados a la divulgaci\u00f3n cient\u00edfica, cultural, educativa, deportiva y de noticias del gusto de las audiencias. <br \/><br \/>C\u00e1maras de video, equipo de c\u00f3mputo, micr\u00f3fonos y controles de audio fueron algunos de los equipos que recibieron los propios trabajadores, acompa\u00f1ados del Director General del Sizart, Hermelio Camarillo Conde, del Coordinador de Radio Zacatecas, Gustavo Goitia Melchor, y de otros funcionarios de la administraci\u00f3n estatal y representantes de organismos aut\u00f3nomos. <br \/><br \/>Ah\u00ed mismo, el Gobernador reconoci\u00f3 los resultados del director y del personal luego del primer a\u00f1o de su llegada a la administraci\u00f3n estatal, ya que, refiri\u00f3, sus contenidos se transmiten en 40 municipios del estado y algunas regiones de Aguascalientes, Durango, Jalisco y San Luis Potos\u00ed; sin contar que, a trav\u00e9s de las plataformas digitales, llegan a todo el mundo.<br \/><br \/>\u00abEl Sizart ha sabido evolucionar debido al talento, compromiso, creatividad y la magia del pensamiento\u00bb, porque no s\u00f3lo se trata de tecnolog\u00eda, sino de capacidad para saber llegar a la audiencia y atender las necesidades informativas y formativas de los diferentes sectores de la poblaci\u00f3n, a\u00f1adi\u00f3 el mandatario David Monreal. <br \/><br \/>De modo que, para seguir en esa din\u00e1mica de crecimiento, reiter\u00f3 que, adem\u00e1s del equipamiento, revisar\u00e1 que haya salarios justos, acorde a las capacidades y responsabilidades del personal. \u00abSigo firme en mi prop\u00f3sito de robustecer y fortalecer al Sizart; van a contar con todo mi respaldo\u00bb, dijo al equipo de conductores, reporteros, camar\u00f3grafos, t\u00e9cnicos y administrativos. <br \/><br \/>El Director del Sizart, Hermelio Camarillo, por su parte, agradeci\u00f3 el inter\u00e9s del Gobernador por fortalecer al medio p\u00fablico, ya que con el presupuesto asignado se podr\u00e1 avanzar en ponerlo a la vanguardia.<br \/><br \/>Dio a conocer que, a la fecha, adem\u00e1s de abonar a la transparencia, se han alcanzado logros como el incrementar, de 2021 a 2022, en un 30 por ciento el n\u00famero de seguidores en las redes sociales, se migr\u00f3 a un sonido digital de alto nivel en las programaciones y se tiene nueva programaci\u00f3n.<br \/><br \/>Para el caso de Radio Zacatecas 97.9, Camarillo se\u00f1al\u00f3 que hay nuevos programas como el de M\u00fasica a la carta, documentales, Europa en concierto, C\u00f3mo han pasado los a\u00f1os, Cancioncitas de Radio UNAM, entre otros.<br \/><br \/>En tanto, en la programaci\u00f3n de las multiplataformas y el Canal 24.1, destac\u00f3 el Ba\u00fal de los recuerdos, Cine inclusivo, en coordinaci\u00f3n con el Instituto Mexicano de Cinematograf\u00eda (Imcine), Males mentales, Mujeres transformando a Zacatecas y Morros de la futura, tambi\u00e9n por se\u00f1alar algunos. <br \/><br \/>\u2014ooOoo\u2014<\/p>\n\n\n\n<figure class=\"wp-block-image size-large\"><img loading=\"lazy\" decoding=\"async\" width=\"1024\" height=\"676\" src=\"http:\/\/web-zac.com\/wp-content\/uploads\/2023\/04\/IMG-20230424-WA0142-1024x676.jpg\" alt=\"\" class=\"wp-image-13464\" srcset=\"http:\/\/web-zac.com\/wp-content\/uploads\/2023\/04\/IMG-20230424-WA0142-1024x676.jpg 1024w, http:\/\/web-zac.com\/wp-content\/uploads\/2023\/04\/IMG-20230424-WA0142-300x198.jpg 300w, http:\/\/web-zac.com\/wp-content\/uploads\/2023\/04\/IMG-20230424-WA0142-768x507.jpg 768w, http:\/\/web-zac.com\/wp-content\/uploads\/2023\/04\/IMG-20230424-WA0142-1200x792.jpg 1200w, http:\/\/web-zac.com\/wp-content\/uploads\/2023\/04\/IMG-20230424-WA0142.jpg 1280w\" sizes=\"auto, (max-width: 1024px) 100vw, 1024px\" \/><\/figure>\n","protected":false},"excerpt":{"rendered":"<p>\u25aa\ufe0fCelebr\u00f3 con las y los trabajadores las casi cuatro d\u00e9cadas del espacio que naci\u00f3 como Radio Zacatecas; recibieron c\u00e1maras, computadoras, micr\u00f3fonos y otros\u25aa\ufe0fAnunci\u00f3 que mejorar\u00e1 las condiciones f\u00edsicas, tecnol\u00f3gicas y laborales del Sistema de Radio y Televisi\u00f3n; este a\u00f1o la inversi\u00f3n ser\u00e1 de 15 millones de pesos\u25aa\ufe0fEl Sizart es un buen medio para aspirar a [&hellip;]<\/p>\n","protected":false},"author":3,"featured_media":13464,"comment_status":"open","ping_status":"open","sticky":false,"template":"","format":"standard","meta":{"footnotes":""},"categories":[4,22],"tags":[],"class_list":["post-13447","post","type-post","status-publish","format-standard","has-post-thumbnail","hentry","category-webgobierno","category-gobierno"],"jetpack_featured_media_url":"http:\/\/web-zac.com\/wp-content\/uploads\/2023\/04\/IMG-20230424-WA0142.jpg","_links":{"self":[{"href":"http:\/\/web-zac.com\/index.php?rest_route=\/wp\/v2\/posts\/13447","targetHints":{"allow":["GET"]}}],"collection":[{"href":"http:\/\/web-zac.com\/index.php?rest_route=\/wp\/v2\/posts"}],"about":[{"href":"http:\/\/web-zac.com\/index.php?rest_route=\/wp\/v2\/types\/post"}],"author":[{"embeddable":true,"href":"http:\/\/web-zac.com\/index.php?rest_route=\/wp\/v2\/users\/3"}],"replies":[{"embeddable":true,"href":"http:\/\/web-zac.com\/index.php?rest_route=%2Fwp%2Fv2%2Fcomments&post=13447"}],"version-history":[{"count":2,"href":"http:\/\/web-zac.com\/index.php?rest_route=\/wp\/v2\/posts\/13447\/revisions"}],"predecessor-version":[{"id":13465,"href":"http:\/\/web-zac.com\/index.php?rest_route=\/wp\/v2\/posts\/13447\/revisions\/13465"}],"wp:featuredmedia":[{"embeddable":true,"href":"http:\/\/web-zac.com\/index.php?rest_route=\/wp\/v2\/media\/13464"}],"wp:attachment":[{"href":"http:\/\/web-zac.com\/index.php?rest_route=%2Fwp%2Fv2%2Fmedia&parent=13447"}],"wp:term":[{"taxonomy":"category","embeddable":true,"href":"http:\/\/web-zac.com\/index.php?rest_route=%2Fwp%2Fv2%2Fcategories&post=13447"},{"taxonomy":"post_tag","embeddable":true,"href":"http:\/\/web-zac.com\/index.php?rest_route=%2Fwp%2Fv2%2Ftags&post=13447"}],"curies":[{"name":"wp","href":"https:\/\/api.w.org\/{rel}","templated":true}]}}