{"id":13432,"date":"2023-04-21T17:17:24","date_gmt":"2023-04-21T22:17:24","guid":{"rendered":"http:\/\/web-zac.com\/?p=13432"},"modified":"2023-04-21T17:17:35","modified_gmt":"2023-04-21T22:17:35","slug":"la-cdhez-reitero-su-compromiso-con-los-colectivos-y-familiares-de-personas-desaparecidas","status":"publish","type":"post","link":"http:\/\/web-zac.com\/?p=13432","title":{"rendered":"La CDHEZ reiter\u00f3 su compromiso con los colectivos y familiares de personas desaparecidas."},"content":{"rendered":"\n<figure class=\"wp-block-image\"><img loading=\"lazy\" decoding=\"async\" width=\"1024\" height=\"768\" src=\"http:\/\/web-zac.com\/wp-content\/uploads\/2023\/04\/IMG-20230421-WA0144-1024x768.jpg\" alt=\"\" class=\"wp-image-13431\" srcset=\"http:\/\/web-zac.com\/wp-content\/uploads\/2023\/04\/IMG-20230421-WA0144-1024x768.jpg 1024w, http:\/\/web-zac.com\/wp-content\/uploads\/2023\/04\/IMG-20230421-WA0144-300x225.jpg 300w, http:\/\/web-zac.com\/wp-content\/uploads\/2023\/04\/IMG-20230421-WA0144-768x576.jpg 768w, http:\/\/web-zac.com\/wp-content\/uploads\/2023\/04\/IMG-20230421-WA0144-1536x1152.jpg 1536w, http:\/\/web-zac.com\/wp-content\/uploads\/2023\/04\/IMG-20230421-WA0144-1200x900.jpg 1200w, http:\/\/web-zac.com\/wp-content\/uploads\/2023\/04\/IMG-20230421-WA0144.jpg 1600w\" sizes=\"auto, (max-width: 1024px) 100vw, 1024px\" \/><\/figure>\n\n\n\n<p>*<br>\u201cLa desaparici\u00f3n de una persona es uno de los actos m\u00e1s terribles que se pueden cometer contra los derechos humanos. Un acto que priva a alguien de su libertad, de su vida y la tranquilidad de sus familias, es un tema que va en contra de los principios fundamentales de la dignidad humana y el respeto a la vida de las y los ciudadanos\u201d.<br>As\u00ed lo dio a conocer la Dra. Maricela Dimas Reveles, presidenta de la Comisi\u00f3n de Derechos Humanos del Estado de Zacatecas, en su participaci\u00f3n en el Foro \u201cPol\u00edticas p\u00fablicas en materia de desaparici\u00f3n de personas en M\u00e9xico y en Zacatecas\u201d donde atendi\u00f3 a colectivos y familiares de personas desaparecidas o no localizadas en el estado.<br>El foro, cont\u00f3 con la participaci\u00f3n de Francisco Murillo Ruiseco, titular de la fiscal\u00eda general de Justicia del Estado de Zacatecas (FGJEZ); Everardo Ram\u00edrez Aguayo, Comisionado Local de B\u00fasqueda de Personas Desaparecidas; Ad\u00e1n Garc\u00eda Campos, representante Comisionado de la Organizaci\u00f3n de las Naciones Unidas (ONU); M\u00f3nica Mart\u00ednez Alvarado, Comisionada Ejecutiva de Atenci\u00f3n Integral a V\u00edctimas en Zacatecas y Deniss Gonz\u00e1lez, representante de la Organizaci\u00f3n \u201cM\u00e9xico Eval\u00faa\u201d.<br>Dimas Reveles dio a conocer que, la desaparici\u00f3n forzada de personas es un delito tipificado en el derecho internacional, nacional y local; y constituye una violaci\u00f3n pluriofensiva de derechos humanos, toda vez que adem\u00e1s de causar da\u00f1os irreparables a las v\u00edctimas, provoca sufrimiento en sus familiares al ignorar el destino final que aqu\u00e9llas correr\u00e1n, gener\u00e1ndoles por tiempo indefinido el temor y la incertidumbre de conocer el paradero de su ser querido, adem\u00e1s de un deterioro econ\u00f3mico y de salud f\u00edsica y mental.<br>A su vez, enfatiz\u00f3 que es de suma importancia, garantizar que los responsables de las desapariciones sean investigados, juzgados y castigados, adem\u00e1s de proporcionar apoyo y asistencia a las v\u00edctimas y sus familias, por ello la Comisi\u00f3n de Derechos Humanos del Estado de Zacatecas pone a disposici\u00f3n de los familiares de personas desaparecidas atenci\u00f3n psicol\u00f3gica a trav\u00e9s de la Unidad de Atenci\u00f3n a V\u00edctimas, as\u00ed como tambi\u00e9n las visitadur\u00edas para recibir las quejas que presenten los familiares de las personas cuando consideren que existe la violaci\u00f3n de un derecho humano.<\/p>\n","protected":false},"excerpt":{"rendered":"<p>*\u201cLa desaparici\u00f3n de una persona es uno de los actos m\u00e1s terribles que se pueden cometer contra los derechos humanos. Un acto que priva a alguien de su libertad, de su vida y la tranquilidad de sus familias, es un tema que va en contra de los principios fundamentales de la dignidad humana y el [&hellip;]<\/p>\n","protected":false},"author":3,"featured_media":13431,"comment_status":"open","ping_status":"open","sticky":false,"template":"","format":"standard","meta":{"footnotes":""},"categories":[4],"tags":[],"class_list":["post-13432","post","type-post","status-publish","format-standard","has-post-thumbnail","hentry","category-webgobierno"],"jetpack_featured_media_url":"http:\/\/web-zac.com\/wp-content\/uploads\/2023\/04\/IMG-20230421-WA0144.jpg","_links":{"self":[{"href":"http:\/\/web-zac.com\/index.php?rest_route=\/wp\/v2\/posts\/13432","targetHints":{"allow":["GET"]}}],"collection":[{"href":"http:\/\/web-zac.com\/index.php?rest_route=\/wp\/v2\/posts"}],"about":[{"href":"http:\/\/web-zac.com\/index.php?rest_route=\/wp\/v2\/types\/post"}],"author":[{"embeddable":true,"href":"http:\/\/web-zac.com\/index.php?rest_route=\/wp\/v2\/users\/3"}],"replies":[{"embeddable":true,"href":"http:\/\/web-zac.com\/index.php?rest_route=%2Fwp%2Fv2%2Fcomments&post=13432"}],"version-history":[{"count":1,"href":"http:\/\/web-zac.com\/index.php?rest_route=\/wp\/v2\/posts\/13432\/revisions"}],"predecessor-version":[{"id":13433,"href":"http:\/\/web-zac.com\/index.php?rest_route=\/wp\/v2\/posts\/13432\/revisions\/13433"}],"wp:featuredmedia":[{"embeddable":true,"href":"http:\/\/web-zac.com\/index.php?rest_route=\/wp\/v2\/media\/13431"}],"wp:attachment":[{"href":"http:\/\/web-zac.com\/index.php?rest_route=%2Fwp%2Fv2%2Fmedia&parent=13432"}],"wp:term":[{"taxonomy":"category","embeddable":true,"href":"http:\/\/web-zac.com\/index.php?rest_route=%2Fwp%2Fv2%2Fcategories&post=13432"},{"taxonomy":"post_tag","embeddable":true,"href":"http:\/\/web-zac.com\/index.php?rest_route=%2Fwp%2Fv2%2Ftags&post=13432"}],"curies":[{"name":"wp","href":"https:\/\/api.w.org\/{rel}","templated":true}]}}