{"id":13373,"date":"2023-04-19T17:36:47","date_gmt":"2023-04-19T22:36:47","guid":{"rendered":"http:\/\/web-zac.com\/?p=13373"},"modified":"2023-04-19T17:37:01","modified_gmt":"2023-04-19T22:37:01","slug":"testifica-y-firma-saul-monrealpacto-de-pueblos-originarios","status":"publish","type":"post","link":"http:\/\/web-zac.com\/?p=13373","title":{"rendered":"TESTIFICA Y FIRMA SA\u00daL MONREAL<br>PACTO DE PUEBLOS ORIGINARIOS"},"content":{"rendered":"\n<figure class=\"wp-block-image\"><img loading=\"lazy\" decoding=\"async\" width=\"1024\" height=\"682\" src=\"http:\/\/web-zac.com\/wp-content\/uploads\/2023\/04\/IMG-20230419-WA0123-1024x682.jpg\" alt=\"\" class=\"wp-image-13372\" srcset=\"http:\/\/web-zac.com\/wp-content\/uploads\/2023\/04\/IMG-20230419-WA0123-1024x682.jpg 1024w, http:\/\/web-zac.com\/wp-content\/uploads\/2023\/04\/IMG-20230419-WA0123-300x200.jpg 300w, http:\/\/web-zac.com\/wp-content\/uploads\/2023\/04\/IMG-20230419-WA0123-768x512.jpg 768w, http:\/\/web-zac.com\/wp-content\/uploads\/2023\/04\/IMG-20230419-WA0123-1200x800.jpg 1200w, http:\/\/web-zac.com\/wp-content\/uploads\/2023\/04\/IMG-20230419-WA0123.jpg 1280w\" sizes=\"auto, (max-width: 1024px) 100vw, 1024px\" \/><\/figure>\n\n\n\n<p>\n<br>\u2022\t\u201cEs momento de cerrar filas, de retomar nuestras tradiciones\u201d, declara el presidente de El Mineral\n<br>\n<br>\n<br>Fresnillo, Zac.- El Centro Cultural \u00c1gora \u201cJos\u00e9 Gonz\u00e1lez Echeverr\u00eda\u201d fue escenario para que este mi\u00e9rcoles 19 de abril se firmara el llamado \u201cPacto de An\u00e1huac\u201d con pueblos originarios zacatecanos. Con este acto, Fresnillo se convierte en el primer municipio del estado de Zacatecas que respalda abiertamente la revalorizaci\u00f3n de estas comunidades.\n<br>Ante representantes de 68 pueblos ind\u00edgenas que hablan 11 lenguas prehisp\u00e1nicas y 364 dialectos, el presidente de El Mineral, Sa\u00fal Monreal \u00c1vila, recalc\u00f3 la necesidad de ponderar la riqueza cultural que en el municipio dejan los wix\u00e1rikas, tepehuanos y otros grupos de comunidades originarias.\n<br>\u201cEstoy convencido de que si retomamos estos valores, si hacemos vigente este pacto, daremos muy buenos resultados. La riqueza pluri\u00e9tnica es cultural y art\u00edstica. Todos tenemos nuestro origen y nuestra historia, y debemos ense\u00f1ar a las y los j\u00f3venes a amarla\u201d, declar\u00f3.\n<br>Monreal \u00c1vila se comprometi\u00f3 a dar seguimiento a las acciones que abonan a la preservaci\u00f3n y difusi\u00f3n de las culturas de pueblos originarios. \u201cEs momento de cerrar filas, de retomar nuestras tradiciones para continuar promoviendo la regeneraci\u00f3n del tejido social en nuestro Fresnillo\u201d, recalc\u00f3. La doctora Fabiola Poblano, presidenta del Pacto de An\u00e1huac, dijo sentirse \u201ccontenta en el coraz\u00f3n\u201d por esta buena disposici\u00f3n de quien gobierna El Mineral.\n<br>El pacto fue firmado por Sa\u00fal Monreal \u00c1vila, la propia doctora Poblano, el l\u00edder originario Ituriel Moctezuma, el gobernador pluri\u00e9tnico Abraham Toledo y la gobernadora pluri\u00e9tnica Sandra Andrade. Engloba a los pueblos cholultecas, otom\u00edes, nahuas, toltecas, popolocas, chichimecas, xochimilcas, matlatzincas, tecpanecas, mexicas, entre otros.\n<br><\/p>\n","protected":false},"excerpt":{"rendered":"<p>\u2022 \u201cEs momento de cerrar filas, de retomar nuestras tradiciones\u201d, declara el presidente de El Mineral Fresnillo, Zac.- El Centro Cultural \u00c1gora \u201cJos\u00e9 Gonz\u00e1lez Echeverr\u00eda\u201d fue escenario para que este mi\u00e9rcoles 19 de abril se firmara el llamado \u201cPacto de An\u00e1huac\u201d con pueblos originarios zacatecanos. Con este acto, Fresnillo se convierte en el primer municipio [&hellip;]<\/p>\n","protected":false},"author":3,"featured_media":13372,"comment_status":"open","ping_status":"open","sticky":false,"template":"","format":"standard","meta":{"footnotes":""},"categories":[19,6],"tags":[],"class_list":["post-13373","post","type-post","status-publish","format-standard","has-post-thumbnail","hentry","category-fresnillo","category-webmunicipios"],"jetpack_featured_media_url":"http:\/\/web-zac.com\/wp-content\/uploads\/2023\/04\/IMG-20230419-WA0123.jpg","_links":{"self":[{"href":"http:\/\/web-zac.com\/index.php?rest_route=\/wp\/v2\/posts\/13373","targetHints":{"allow":["GET"]}}],"collection":[{"href":"http:\/\/web-zac.com\/index.php?rest_route=\/wp\/v2\/posts"}],"about":[{"href":"http:\/\/web-zac.com\/index.php?rest_route=\/wp\/v2\/types\/post"}],"author":[{"embeddable":true,"href":"http:\/\/web-zac.com\/index.php?rest_route=\/wp\/v2\/users\/3"}],"replies":[{"embeddable":true,"href":"http:\/\/web-zac.com\/index.php?rest_route=%2Fwp%2Fv2%2Fcomments&post=13373"}],"version-history":[{"count":1,"href":"http:\/\/web-zac.com\/index.php?rest_route=\/wp\/v2\/posts\/13373\/revisions"}],"predecessor-version":[{"id":13374,"href":"http:\/\/web-zac.com\/index.php?rest_route=\/wp\/v2\/posts\/13373\/revisions\/13374"}],"wp:featuredmedia":[{"embeddable":true,"href":"http:\/\/web-zac.com\/index.php?rest_route=\/wp\/v2\/media\/13372"}],"wp:attachment":[{"href":"http:\/\/web-zac.com\/index.php?rest_route=%2Fwp%2Fv2%2Fmedia&parent=13373"}],"wp:term":[{"taxonomy":"category","embeddable":true,"href":"http:\/\/web-zac.com\/index.php?rest_route=%2Fwp%2Fv2%2Fcategories&post=13373"},{"taxonomy":"post_tag","embeddable":true,"href":"http:\/\/web-zac.com\/index.php?rest_route=%2Fwp%2Fv2%2Ftags&post=13373"}],"curies":[{"name":"wp","href":"https:\/\/api.w.org\/{rel}","templated":true}]}}