{"id":13370,"date":"2023-04-19T17:34:21","date_gmt":"2023-04-19T22:34:21","guid":{"rendered":"http:\/\/web-zac.com\/?p=13370"},"modified":"2023-04-19T17:34:30","modified_gmt":"2023-04-19T22:34:30","slug":"anuncian-rodada-ciclista-en-fresnillo","status":"publish","type":"post","link":"http:\/\/web-zac.com\/?p=13370","title":{"rendered":"ANUNCIAN RODADA CICLISTA EN FRESNILLO <br>"},"content":{"rendered":"\n<p><br>\u2022\tEl Ayuntamiento trabaja en coordinaci\u00f3n con el 97\/o. Batall\u00f3n para propiciar la sana convivencia <br>\u2022\tLa rodada se realizar\u00e1 el s\u00e1bado 22 de abril, iniciando en la Calzada del Peregrino <br><br>resnillo, Zac.- Con la finalidad de fortalecer los lazos familiares, de confianza y de respeto entre la ciudadan\u00eda, el Ayuntamiento de Fresnillo, en coordinaci\u00f3n con la Secretar\u00eda de la Defensa Nacional y su 97\/o. Batall\u00f3n de Infanter\u00eda, organiza una Rodada Ciclista. <br>El alcalde Sa\u00fal Monreal \u00c1vila reafirm\u00f3 el compromiso que tiene con los fresnillenses. Como parte de sus pol\u00edticas p\u00fablicas, siempre act\u00faa en beneficio de la familia. <br>La rodada ser\u00e1 el s\u00e1bado 22 de abril en punto de las 9:00 horas en la Calzada del Peregrino hasta llegar a la entrada de la comunidad de Plateros, y de regreso a las instalaciones del 97\/o. Batall\u00f3n. <br>La invitaci\u00f3n est\u00e1 abierta a toda la ciudadan\u00eda. Podr\u00e1n llevar bicicletas, patines, triciclos o simplemente caminar o trotar. Lo que se busca es la convivencia familiar. <br>El Coronel Manuel Alejandro Guti\u00e9rrez Alonzo, Comandante del 97\/o. Batall\u00f3n de Infanter\u00eda, dijo que la convivencia entre familias y militares ayudar\u00e1 a que haya mayor proximidad y que conozcan el trabajo que realizan los integrantes de las Fuerzas Armadas. Los asistentes podr\u00e1n llevar a sus mascotas si as\u00ed lo desean, pues son parte importante del entorno familiar: s\u00f3lo tienen que llevar correa para que haya control. <br>En otro tenor, el primer edil afirm\u00f3 que contin\u00faan los ajustes y cambios al interior del\u00a0 equipo del gobierno municipal. Nombr\u00f3 como titular del Departamento de Espect\u00e1culos a Francisco Ruiz de Esparza, quien se comprometi\u00f3 a realizar un buen trabajo. <br><br><br><\/p>\n\n\n\n<figure class=\"wp-block-image size-large\"><img loading=\"lazy\" decoding=\"async\" width=\"1024\" height=\"682\" src=\"http:\/\/web-zac.com\/wp-content\/uploads\/2023\/04\/IMG-20230419-WA0124-1024x682.jpg\" alt=\"\" class=\"wp-image-13369\" srcset=\"http:\/\/web-zac.com\/wp-content\/uploads\/2023\/04\/IMG-20230419-WA0124-1024x682.jpg 1024w, http:\/\/web-zac.com\/wp-content\/uploads\/2023\/04\/IMG-20230419-WA0124-300x200.jpg 300w, http:\/\/web-zac.com\/wp-content\/uploads\/2023\/04\/IMG-20230419-WA0124-768x512.jpg 768w, http:\/\/web-zac.com\/wp-content\/uploads\/2023\/04\/IMG-20230419-WA0124-1200x800.jpg 1200w, http:\/\/web-zac.com\/wp-content\/uploads\/2023\/04\/IMG-20230419-WA0124.jpg 1280w\" sizes=\"auto, (max-width: 1024px) 100vw, 1024px\" \/><\/figure>\n","protected":false},"excerpt":{"rendered":"<p>\u2022 El Ayuntamiento trabaja en coordinaci\u00f3n con el 97\/o. Batall\u00f3n para propiciar la sana convivencia \u2022 La rodada se realizar\u00e1 el s\u00e1bado 22 de abril, iniciando en la Calzada del Peregrino resnillo, Zac.- Con la finalidad de fortalecer los lazos familiares, de confianza y de respeto entre la ciudadan\u00eda, el Ayuntamiento de Fresnillo, en coordinaci\u00f3n [&hellip;]<\/p>\n","protected":false},"author":3,"featured_media":13369,"comment_status":"open","ping_status":"open","sticky":false,"template":"","format":"standard","meta":{"footnotes":""},"categories":[19,6],"tags":[],"class_list":["post-13370","post","type-post","status-publish","format-standard","has-post-thumbnail","hentry","category-fresnillo","category-webmunicipios"],"jetpack_featured_media_url":"http:\/\/web-zac.com\/wp-content\/uploads\/2023\/04\/IMG-20230419-WA0124.jpg","_links":{"self":[{"href":"http:\/\/web-zac.com\/index.php?rest_route=\/wp\/v2\/posts\/13370","targetHints":{"allow":["GET"]}}],"collection":[{"href":"http:\/\/web-zac.com\/index.php?rest_route=\/wp\/v2\/posts"}],"about":[{"href":"http:\/\/web-zac.com\/index.php?rest_route=\/wp\/v2\/types\/post"}],"author":[{"embeddable":true,"href":"http:\/\/web-zac.com\/index.php?rest_route=\/wp\/v2\/users\/3"}],"replies":[{"embeddable":true,"href":"http:\/\/web-zac.com\/index.php?rest_route=%2Fwp%2Fv2%2Fcomments&post=13370"}],"version-history":[{"count":1,"href":"http:\/\/web-zac.com\/index.php?rest_route=\/wp\/v2\/posts\/13370\/revisions"}],"predecessor-version":[{"id":13371,"href":"http:\/\/web-zac.com\/index.php?rest_route=\/wp\/v2\/posts\/13370\/revisions\/13371"}],"wp:featuredmedia":[{"embeddable":true,"href":"http:\/\/web-zac.com\/index.php?rest_route=\/wp\/v2\/media\/13369"}],"wp:attachment":[{"href":"http:\/\/web-zac.com\/index.php?rest_route=%2Fwp%2Fv2%2Fmedia&parent=13370"}],"wp:term":[{"taxonomy":"category","embeddable":true,"href":"http:\/\/web-zac.com\/index.php?rest_route=%2Fwp%2Fv2%2Fcategories&post=13370"},{"taxonomy":"post_tag","embeddable":true,"href":"http:\/\/web-zac.com\/index.php?rest_route=%2Fwp%2Fv2%2Ftags&post=13370"}],"curies":[{"name":"wp","href":"https:\/\/api.w.org\/{rel}","templated":true}]}}