{"id":13355,"date":"2023-04-18T22:05:06","date_gmt":"2023-04-19T03:05:06","guid":{"rendered":"http:\/\/web-zac.com\/?p=13355"},"modified":"2023-04-18T22:05:15","modified_gmt":"2023-04-19T03:05:15","slug":"que-pasa-en-el-verde","status":"publish","type":"post","link":"http:\/\/web-zac.com\/?p=13355","title":{"rendered":"Qu\u00e9 pasa en el Verde"},"content":{"rendered":"\n<p>\n<br>\n<br>\n<br>\u201cEl verde ya se nota\u201d y en la Capital esto es muy evidente. Hace algunos d\u00edas en la comunidad La Escondida se dieron cita aproximadamente 500 personas, para ser testigos de una nueva protesta de \u201cl\u00edderes tucanes\u201d, como dicen llamarse. \n<br> \n<br>No cabe duda que el trabajo que est\u00e1 realizando todo el Comit\u00e9 Municipal del PVEM y liderado por Jorge Miranda est\u00e1 dejando un excelente sabor de boca, pues est\u00e1s tomas de protesta son cada vez m\u00e1s numerosas y comprometidas.\n<br> \n<br>Y es que no solo se trata de tomar protesta a las y los l\u00edderes tucanes, sino todo el trabajo que realizan ya que est\u00e1n poniendo muy en el alto al verde, y al parecer esta marea verde seguir\u00e1 posicion\u00e1ndose en el capital y con paso firme.\n<br> \n<br>Habr\u00e1 que seguir muy de cerca a todos los l\u00edderes tucanes, porque se ve que no se van a quedar quietos hasta dar todo por su partido, y c\u00f3mo ellos lo dicen EL VERDE YA SE NOTA.\n<br><\/p>\n\n\n\n<figure class=\"wp-block-image size-large\"><img loading=\"lazy\" decoding=\"async\" width=\"576\" height=\"1024\" src=\"http:\/\/web-zac.com\/wp-content\/uploads\/2023\/04\/IMG-20230418-WA0165-576x1024.jpg\" alt=\"\" class=\"wp-image-13354\" srcset=\"http:\/\/web-zac.com\/wp-content\/uploads\/2023\/04\/IMG-20230418-WA0165-576x1024.jpg 576w, http:\/\/web-zac.com\/wp-content\/uploads\/2023\/04\/IMG-20230418-WA0165-169x300.jpg 169w, http:\/\/web-zac.com\/wp-content\/uploads\/2023\/04\/IMG-20230418-WA0165-768x1365.jpg 768w, http:\/\/web-zac.com\/wp-content\/uploads\/2023\/04\/IMG-20230418-WA0165-864x1536.jpg 864w, http:\/\/web-zac.com\/wp-content\/uploads\/2023\/04\/IMG-20230418-WA0165-675x1200.jpg 675w, http:\/\/web-zac.com\/wp-content\/uploads\/2023\/04\/IMG-20230418-WA0165.jpg 900w\" sizes=\"auto, (max-width: 576px) 100vw, 576px\" \/><\/figure>\n","protected":false},"excerpt":{"rendered":"<p>\u201cEl verde ya se nota\u201d y en la Capital esto es muy evidente. Hace algunos d\u00edas en la comunidad La Escondida se dieron cita aproximadamente 500 personas, para ser testigos de una nueva protesta de \u201cl\u00edderes tucanes\u201d, como dicen llamarse. No cabe duda que el trabajo que est\u00e1 realizando todo el Comit\u00e9 Municipal del PVEM [&hellip;]<\/p>\n","protected":false},"author":3,"featured_media":13354,"comment_status":"open","ping_status":"open","sticky":false,"template":"","format":"standard","meta":{"footnotes":""},"categories":[3],"tags":[],"class_list":["post-13355","post","type-post","status-publish","format-standard","has-post-thumbnail","hentry","category-webpolitica"],"jetpack_featured_media_url":"http:\/\/web-zac.com\/wp-content\/uploads\/2023\/04\/IMG-20230418-WA0165.jpg","_links":{"self":[{"href":"http:\/\/web-zac.com\/index.php?rest_route=\/wp\/v2\/posts\/13355","targetHints":{"allow":["GET"]}}],"collection":[{"href":"http:\/\/web-zac.com\/index.php?rest_route=\/wp\/v2\/posts"}],"about":[{"href":"http:\/\/web-zac.com\/index.php?rest_route=\/wp\/v2\/types\/post"}],"author":[{"embeddable":true,"href":"http:\/\/web-zac.com\/index.php?rest_route=\/wp\/v2\/users\/3"}],"replies":[{"embeddable":true,"href":"http:\/\/web-zac.com\/index.php?rest_route=%2Fwp%2Fv2%2Fcomments&post=13355"}],"version-history":[{"count":1,"href":"http:\/\/web-zac.com\/index.php?rest_route=\/wp\/v2\/posts\/13355\/revisions"}],"predecessor-version":[{"id":13356,"href":"http:\/\/web-zac.com\/index.php?rest_route=\/wp\/v2\/posts\/13355\/revisions\/13356"}],"wp:featuredmedia":[{"embeddable":true,"href":"http:\/\/web-zac.com\/index.php?rest_route=\/wp\/v2\/media\/13354"}],"wp:attachment":[{"href":"http:\/\/web-zac.com\/index.php?rest_route=%2Fwp%2Fv2%2Fmedia&parent=13355"}],"wp:term":[{"taxonomy":"category","embeddable":true,"href":"http:\/\/web-zac.com\/index.php?rest_route=%2Fwp%2Fv2%2Fcategories&post=13355"},{"taxonomy":"post_tag","embeddable":true,"href":"http:\/\/web-zac.com\/index.php?rest_route=%2Fwp%2Fv2%2Ftags&post=13355"}],"curies":[{"name":"wp","href":"https:\/\/api.w.org\/{rel}","templated":true}]}}