{"id":13352,"date":"2023-04-18T21:30:27","date_gmt":"2023-04-19T02:30:27","guid":{"rendered":"http:\/\/web-zac.com\/?p=13352"},"modified":"2023-04-18T21:30:41","modified_gmt":"2023-04-19T02:30:41","slug":"diputados-discutiran-desafuero-de-alcalde-de-guadalupe-julio-cesar-n-por-posible-participacion-en-asesinato-de-raul-calderon","status":"publish","type":"post","link":"http:\/\/web-zac.com\/?p=13352","title":{"rendered":"Diputados discutir\u00e1n desafuero de alcalde de Guadalupe Julio C\u00e9sar \u00abN\u00bb, por posible participacion en asesinato de Ra\u00fal Calder\u00f3n."},"content":{"rendered":"\n<figure class=\"wp-block-image size-large\"><img loading=\"lazy\" decoding=\"async\" width=\"300\" height=\"298\" src=\"http:\/\/web-zac.com\/wp-content\/uploads\/2023\/04\/Screenshot_20230418_112303_Canva-300x298.jpg\" alt=\"\" class=\"wp-image-13351\" srcset=\"http:\/\/web-zac.com\/wp-content\/uploads\/2023\/04\/Screenshot_20230418_112303_Canva-300x298.jpg 300w, http:\/\/web-zac.com\/wp-content\/uploads\/2023\/04\/Screenshot_20230418_112303_Canva-150x150.jpg 150w, http:\/\/web-zac.com\/wp-content\/uploads\/2023\/04\/Screenshot_20230418_112303_Canva-768x763.jpg 768w, http:\/\/web-zac.com\/wp-content\/uploads\/2023\/04\/Screenshot_20230418_112303_Canva.jpg 935w\" sizes=\"auto, (max-width: 300px) 100vw, 300px\" \/><\/figure>\n\n\n\n<p>Este mi\u00e9rcoles 19 de abril el pleno de la LXIV Legislatura del Estado, pondr\u00e1 a consideraci\u00f3n de sus integrantes la solicitud de declaraci\u00f3n de procedencia para separar de su cargo a Julio C\u00e9sar Chavez Padilla como alcalde de Guadalupe por presuntamente participar en robo y asesinato del abogado Ra\u00fal Calder\u00f3n.<\/p>\n\n\n\n<p>El a\u00fan alcalde Julio C\u00e9sar \u00abN\u00bb tiene orden de aprehensi\u00f3n por los delitos que se le imputan por los hechos suscitados el pasado 31 de diciembre de 2022.<\/p>\n\n\n\n<p> El asunto fue turnado a la Comisi\u00f3n Legislativa de Jurisdiccional para su estudio y dictamen<s>.<\/s><\/p>\n","protected":false},"excerpt":{"rendered":"<p>Este mi\u00e9rcoles 19 de abril el pleno de la LXIV Legislatura del Estado, pondr\u00e1 a consideraci\u00f3n de sus integrantes la solicitud de declaraci\u00f3n de procedencia para separar de su cargo a Julio C\u00e9sar Chavez Padilla como alcalde de Guadalupe por presuntamente participar en robo y asesinato del abogado Ra\u00fal Calder\u00f3n. El a\u00fan alcalde Julio C\u00e9sar [&hellip;]<\/p>\n","protected":false},"author":3,"featured_media":13351,"comment_status":"open","ping_status":"open","sticky":false,"template":"","format":"standard","meta":{"footnotes":""},"categories":[3],"tags":[],"class_list":["post-13352","post","type-post","status-publish","format-standard","has-post-thumbnail","hentry","category-webpolitica"],"jetpack_featured_media_url":"http:\/\/web-zac.com\/wp-content\/uploads\/2023\/04\/Screenshot_20230418_112303_Canva.jpg","_links":{"self":[{"href":"http:\/\/web-zac.com\/index.php?rest_route=\/wp\/v2\/posts\/13352","targetHints":{"allow":["GET"]}}],"collection":[{"href":"http:\/\/web-zac.com\/index.php?rest_route=\/wp\/v2\/posts"}],"about":[{"href":"http:\/\/web-zac.com\/index.php?rest_route=\/wp\/v2\/types\/post"}],"author":[{"embeddable":true,"href":"http:\/\/web-zac.com\/index.php?rest_route=\/wp\/v2\/users\/3"}],"replies":[{"embeddable":true,"href":"http:\/\/web-zac.com\/index.php?rest_route=%2Fwp%2Fv2%2Fcomments&post=13352"}],"version-history":[{"count":1,"href":"http:\/\/web-zac.com\/index.php?rest_route=\/wp\/v2\/posts\/13352\/revisions"}],"predecessor-version":[{"id":13353,"href":"http:\/\/web-zac.com\/index.php?rest_route=\/wp\/v2\/posts\/13352\/revisions\/13353"}],"wp:featuredmedia":[{"embeddable":true,"href":"http:\/\/web-zac.com\/index.php?rest_route=\/wp\/v2\/media\/13351"}],"wp:attachment":[{"href":"http:\/\/web-zac.com\/index.php?rest_route=%2Fwp%2Fv2%2Fmedia&parent=13352"}],"wp:term":[{"taxonomy":"category","embeddable":true,"href":"http:\/\/web-zac.com\/index.php?rest_route=%2Fwp%2Fv2%2Fcategories&post=13352"},{"taxonomy":"post_tag","embeddable":true,"href":"http:\/\/web-zac.com\/index.php?rest_route=%2Fwp%2Fv2%2Ftags&post=13352"}],"curies":[{"name":"wp","href":"https:\/\/api.w.org\/{rel}","templated":true}]}}