{"id":13339,"date":"2023-04-18T18:23:52","date_gmt":"2023-04-18T23:23:52","guid":{"rendered":"http:\/\/web-zac.com\/?p=13339"},"modified":"2023-04-18T18:24:03","modified_gmt":"2023-04-18T23:24:03","slug":"celebran-honores-a-la-bandera-en-el-preescolar-nicolas-bravo","status":"publish","type":"post","link":"http:\/\/web-zac.com\/?p=13339","title":{"rendered":"CELEBRAN HONORES A LA BANDERA EN EL PREESCOLAR NICOL\u00c1S BRAVO \n<br>"},"content":{"rendered":"\n<figure class=\"wp-block-image\"><img loading=\"lazy\" decoding=\"async\" width=\"1024\" height=\"682\" src=\"http:\/\/web-zac.com\/wp-content\/uploads\/2023\/04\/IMG-20230417-WA0060-1024x682.jpg\" alt=\"\" class=\"wp-image-13338\" srcset=\"http:\/\/web-zac.com\/wp-content\/uploads\/2023\/04\/IMG-20230417-WA0060-1024x682.jpg 1024w, http:\/\/web-zac.com\/wp-content\/uploads\/2023\/04\/IMG-20230417-WA0060-300x200.jpg 300w, http:\/\/web-zac.com\/wp-content\/uploads\/2023\/04\/IMG-20230417-WA0060-768x512.jpg 768w, http:\/\/web-zac.com\/wp-content\/uploads\/2023\/04\/IMG-20230417-WA0060-1200x800.jpg 1200w, http:\/\/web-zac.com\/wp-content\/uploads\/2023\/04\/IMG-20230417-WA0060.jpg 1280w\" sizes=\"auto, (max-width: 1024px) 100vw, 1024px\" \/><\/figure>\n\n\n\n<p>\n<br>\u2022\tSMA contribuye al fomento de los valores c\u00edvicos \n<br>\n<br>\n<br>Fresnillo, Zac.- Para dar continuidad a las pol\u00edticas p\u00fablicas de fomento a los valores c\u00edvicos, el presidente municipal Sa\u00fal Monreal \u00c1vila encabez\u00f3 los honores a la bandera en el jard\u00edn de ni\u00f1os \u201cNicol\u00e1s Bravo\u201d, en la colonia Fovissste. \n<br>El primer edil recalc\u00f3 que los valores se fomentan con el trabajo en equipo del gobierno, padres de familia y docentes. Record\u00f3 que cada semana acude a una instituci\u00f3n educativa diferente para promover los actos c\u00edvicos y en todo el municipio hay un compromiso firme para ense\u00f1arles el amor a la patria. \n<br>Monreal \u00c1vila reconoci\u00f3 el inter\u00e9s y la gran participaci\u00f3n de los menores en el acto c\u00edvico. Adem\u00e1s entreg\u00f3 reconocimientos a los integrantes de la escolta, as\u00ed como a los docentes por a\u00f1os de servicio frente a grupo. \n<br>La directora de la instituci\u00f3n, Lucia Bonilla Cabral, declar\u00f3 que el jard\u00edn de ni\u00f1os \u201cNicol\u00e1s Bravo\u201d tiene 38 a\u00f1os dedicado a la formaci\u00f3n de los menores fresnillenses, trabajando siempre con valores para que los egresados sean parte muy activa del desarrollo de cada sector de la comunidad. \n<br>\n<br>\n<br><\/p>\n","protected":false},"excerpt":{"rendered":"<p>\u2022 SMA contribuye al fomento de los valores c\u00edvicos Fresnillo, Zac.- Para dar continuidad a las pol\u00edticas p\u00fablicas de fomento a los valores c\u00edvicos, el presidente municipal Sa\u00fal Monreal \u00c1vila encabez\u00f3 los honores a la bandera en el jard\u00edn de ni\u00f1os \u201cNicol\u00e1s Bravo\u201d, en la colonia Fovissste. El primer edil recalc\u00f3 que los valores se [&hellip;]<\/p>\n","protected":false},"author":3,"featured_media":13338,"comment_status":"open","ping_status":"open","sticky":false,"template":"","format":"standard","meta":{"footnotes":""},"categories":[19,6],"tags":[],"class_list":["post-13339","post","type-post","status-publish","format-standard","has-post-thumbnail","hentry","category-fresnillo","category-webmunicipios"],"jetpack_featured_media_url":"http:\/\/web-zac.com\/wp-content\/uploads\/2023\/04\/IMG-20230417-WA0060.jpg","_links":{"self":[{"href":"http:\/\/web-zac.com\/index.php?rest_route=\/wp\/v2\/posts\/13339","targetHints":{"allow":["GET"]}}],"collection":[{"href":"http:\/\/web-zac.com\/index.php?rest_route=\/wp\/v2\/posts"}],"about":[{"href":"http:\/\/web-zac.com\/index.php?rest_route=\/wp\/v2\/types\/post"}],"author":[{"embeddable":true,"href":"http:\/\/web-zac.com\/index.php?rest_route=\/wp\/v2\/users\/3"}],"replies":[{"embeddable":true,"href":"http:\/\/web-zac.com\/index.php?rest_route=%2Fwp%2Fv2%2Fcomments&post=13339"}],"version-history":[{"count":1,"href":"http:\/\/web-zac.com\/index.php?rest_route=\/wp\/v2\/posts\/13339\/revisions"}],"predecessor-version":[{"id":13340,"href":"http:\/\/web-zac.com\/index.php?rest_route=\/wp\/v2\/posts\/13339\/revisions\/13340"}],"wp:featuredmedia":[{"embeddable":true,"href":"http:\/\/web-zac.com\/index.php?rest_route=\/wp\/v2\/media\/13338"}],"wp:attachment":[{"href":"http:\/\/web-zac.com\/index.php?rest_route=%2Fwp%2Fv2%2Fmedia&parent=13339"}],"wp:term":[{"taxonomy":"category","embeddable":true,"href":"http:\/\/web-zac.com\/index.php?rest_route=%2Fwp%2Fv2%2Fcategories&post=13339"},{"taxonomy":"post_tag","embeddable":true,"href":"http:\/\/web-zac.com\/index.php?rest_route=%2Fwp%2Fv2%2Ftags&post=13339"}],"curies":[{"name":"wp","href":"https:\/\/api.w.org\/{rel}","templated":true}]}}