{"id":13332,"date":"2023-04-18T18:16:10","date_gmt":"2023-04-18T23:16:10","guid":{"rendered":"http:\/\/web-zac.com\/?p=13332"},"modified":"2023-04-18T18:16:20","modified_gmt":"2023-04-18T23:16:20","slug":"menores-pacientes-del-cree-celebran-dia-del-nino-y-la-nina-en-amena-convivencia-organizada-por-sedif","status":"publish","type":"post","link":"http:\/\/web-zac.com\/?p=13332","title":{"rendered":"Menores pacientes del CREE celebran D\u00eda del Ni\u00f1o y la Ni\u00f1a en amena convivencia organizada por SEDIF"},"content":{"rendered":"\n<figure class=\"wp-block-image\"><img loading=\"lazy\" decoding=\"async\" width=\"1024\" height=\"644\" src=\"http:\/\/web-zac.com\/wp-content\/uploads\/2023\/04\/IMG-20230418-WA0127-1024x644.jpg\" alt=\"\" class=\"wp-image-13331\" srcset=\"http:\/\/web-zac.com\/wp-content\/uploads\/2023\/04\/IMG-20230418-WA0127-1024x644.jpg 1024w, http:\/\/web-zac.com\/wp-content\/uploads\/2023\/04\/IMG-20230418-WA0127-300x189.jpg 300w, http:\/\/web-zac.com\/wp-content\/uploads\/2023\/04\/IMG-20230418-WA0127-768x483.jpg 768w, http:\/\/web-zac.com\/wp-content\/uploads\/2023\/04\/IMG-20230418-WA0127-1200x755.jpg 1200w, http:\/\/web-zac.com\/wp-content\/uploads\/2023\/04\/IMG-20230418-WA0127.jpg 1280w\" sizes=\"auto, (max-width: 1024px) 100vw, 1024px\" \/><\/figure>\n\n\n\n<p><br>\t<br>\u25aa\ufe0fSara Hern\u00e1ndez de Monreal anunci\u00f3 parte de lo que incluir\u00e1 la gran celebraci\u00f3n del D\u00eda del Ni\u00f1o y la Ni\u00f1a, que realizar\u00e1 el DIF Estatal para todas y todos los menores zacatecanos<br>\u25aa\ufe0fLas y los menores pudieron disfrutar de pintacaritas y un divertido show con payasos, quienes generaron risas y diversi\u00f3n con sus din\u00e1micas <br><br>Zacatecas, Zac., 18 de abril de 2023.- Con motivo de celebrar con anticipaci\u00f3n el D\u00eda del Ni\u00f1o y la Ni\u00f1a, pacientes del Centro de Rehabilitaci\u00f3n y Educaci\u00f3n Especial (CREE) recibieron, de manos de la Presidenta Honor\u00edfica del SEDIF, Sara Hern\u00e1ndez de Monreal, juguetes, bolos, pastel y agua fresca; asimismo, disfrutaron de pintacaritas y un divertido show con payasos, quienes, con sus din\u00e1micas, generaron risas y diversi\u00f3n. <br><br>Al iniciar el evento, la Presidenta Honor\u00edfica del SEDIF expres\u00f3 su reconocimiento a las madres y los padres de familia que asisten a este Centro para que sus hijas e hijos reciban terapia de diferentes tipos. Quiero darles mi reconocimiento, porque se necesita valor y amor para salir adelante y sacar la casta; ustedes son el ejemplo de madres y padres de familia que se necesitan en Zacatecas, mencion\u00f3.<br><br>Anunci\u00f3 parte de lo que ser\u00e1 la gran celebraci\u00f3n del D\u00eda del Ni\u00f1o y la Ni\u00f1a, que realizar\u00e1 el DIF Estatal para todas y todos los menores zacatecanos; dijo que se est\u00e1 preparando una semana completa para el disfrute de juegos mec\u00e1nicos, la instalaci\u00f3n de un circo con malabaristas, payasos y un gran show para las y los peque\u00f1os. <br><br>El evento fue celebrado en las instalaciones del Centro de Rehabilitaci\u00f3n y Educaci\u00f3n Especial (CREE), en presencia del Director, Christian Alan Flores, y la Coordinadora Administrativa del SEDIF, Ana Bertha Luna Quintero. <br><br>\u2014ooOoo\u2014<\/p>\n","protected":false},"excerpt":{"rendered":"<p>\u25aa\ufe0fSara Hern\u00e1ndez de Monreal anunci\u00f3 parte de lo que incluir\u00e1 la gran celebraci\u00f3n del D\u00eda del Ni\u00f1o y la Ni\u00f1a, que realizar\u00e1 el DIF Estatal para todas y todos los menores zacatecanos\u25aa\ufe0fLas y los menores pudieron disfrutar de pintacaritas y un divertido show con payasos, quienes generaron risas y diversi\u00f3n con sus din\u00e1micas Zacatecas, Zac., [&hellip;]<\/p>\n","protected":false},"author":3,"featured_media":13331,"comment_status":"open","ping_status":"open","sticky":false,"template":"","format":"standard","meta":{"footnotes":""},"categories":[4,22],"tags":[],"class_list":["post-13332","post","type-post","status-publish","format-standard","has-post-thumbnail","hentry","category-webgobierno","category-gobierno"],"jetpack_featured_media_url":"http:\/\/web-zac.com\/wp-content\/uploads\/2023\/04\/IMG-20230418-WA0127.jpg","_links":{"self":[{"href":"http:\/\/web-zac.com\/index.php?rest_route=\/wp\/v2\/posts\/13332","targetHints":{"allow":["GET"]}}],"collection":[{"href":"http:\/\/web-zac.com\/index.php?rest_route=\/wp\/v2\/posts"}],"about":[{"href":"http:\/\/web-zac.com\/index.php?rest_route=\/wp\/v2\/types\/post"}],"author":[{"embeddable":true,"href":"http:\/\/web-zac.com\/index.php?rest_route=\/wp\/v2\/users\/3"}],"replies":[{"embeddable":true,"href":"http:\/\/web-zac.com\/index.php?rest_route=%2Fwp%2Fv2%2Fcomments&post=13332"}],"version-history":[{"count":1,"href":"http:\/\/web-zac.com\/index.php?rest_route=\/wp\/v2\/posts\/13332\/revisions"}],"predecessor-version":[{"id":13333,"href":"http:\/\/web-zac.com\/index.php?rest_route=\/wp\/v2\/posts\/13332\/revisions\/13333"}],"wp:featuredmedia":[{"embeddable":true,"href":"http:\/\/web-zac.com\/index.php?rest_route=\/wp\/v2\/media\/13331"}],"wp:attachment":[{"href":"http:\/\/web-zac.com\/index.php?rest_route=%2Fwp%2Fv2%2Fmedia&parent=13332"}],"wp:term":[{"taxonomy":"category","embeddable":true,"href":"http:\/\/web-zac.com\/index.php?rest_route=%2Fwp%2Fv2%2Fcategories&post=13332"},{"taxonomy":"post_tag","embeddable":true,"href":"http:\/\/web-zac.com\/index.php?rest_route=%2Fwp%2Fv2%2Ftags&post=13332"}],"curies":[{"name":"wp","href":"https:\/\/api.w.org\/{rel}","templated":true}]}}