{"id":13302,"date":"2023-04-17T18:00:55","date_gmt":"2023-04-17T23:00:55","guid":{"rendered":"http:\/\/web-zac.com\/?p=13302"},"modified":"2023-04-17T18:01:06","modified_gmt":"2023-04-17T23:01:06","slug":"anuncian-gran-espectaculo-de-lucha-libre-para-celebrar-el-dia-del-nino","status":"publish","type":"post","link":"http:\/\/web-zac.com\/?p=13302","title":{"rendered":"ANUNCIAN GRAN ESPECT\u00c1CULO DE LUCHA LIBRE PARA CELEBRAR EL D\u00cdA DEL NI\u00d1O  \n<br>"},"content":{"rendered":"\n<figure class=\"wp-block-image size-large\"><img loading=\"lazy\" decoding=\"async\" width=\"1024\" height=\"682\" src=\"http:\/\/web-zac.com\/wp-content\/uploads\/2023\/04\/IMG-20230417-WA0038-1024x682.jpg\" alt=\"\" class=\"wp-image-13301\" srcset=\"http:\/\/web-zac.com\/wp-content\/uploads\/2023\/04\/IMG-20230417-WA0038-1024x682.jpg 1024w, http:\/\/web-zac.com\/wp-content\/uploads\/2023\/04\/IMG-20230417-WA0038-300x200.jpg 300w, http:\/\/web-zac.com\/wp-content\/uploads\/2023\/04\/IMG-20230417-WA0038-768x512.jpg 768w, http:\/\/web-zac.com\/wp-content\/uploads\/2023\/04\/IMG-20230417-WA0038-1200x800.jpg 1200w, http:\/\/web-zac.com\/wp-content\/uploads\/2023\/04\/IMG-20230417-WA0038.jpg 1280w\" sizes=\"auto, (max-width: 1024px) 100vw, 1024px\" \/><\/figure>\n\n\n\n<p>\n<br>\u2022\tEl encuentro tendr\u00e1 lugar el viernes 28 de abril en el domo de la feria.\n<br>\u2022\tSa\u00fal Monreal \u00c1vila destac\u00f3 los excelentes resultados del Festival Cultural Fresnillo 2023.\n<br>\n<br>Fresnillo, Zac.- Como parte de la celebraci\u00f3n del D\u00eda del Ni\u00f1o, el Ayuntamiento de Fresnillo ofrecer\u00e1 una funci\u00f3n de lucha libre totalmente gratuita este viernes 28 de abril en el Domo de la Feria, a partir de las 6 de la tarde. As\u00ed lo dio a conocer el presidente municipal, Sa\u00fal Monreal \u00c1vila. \n<br>El primer edil detall\u00f3 que la lucha s\u00faper estrella ser\u00e1 entre Alberto del R\u00edo, \u201cMr. \u00c1guila\u201d, contra el Doctor Wagner Jr., El Galeno del Mal. Mientras que en la lucha s\u00faper estelar se enfrentar\u00e1n Miztezyz Jr. Y El Ni\u00f1o Hamburguesa contra Abismo Negro Jr. y La Parka Negra. \n<br>Adem\u00e1s habr\u00e1 lucha semifinal de tr\u00edos: Mascarita Divina, Hijo de La Parkita y Mini Fuego se enfrentar\u00e1n a Espectrito, Hijo de Pentagoncito y Taurocosis. Esa noche, Jesse Jackson, Princesa Imperial y Estrellita de Plata luchar\u00e1n contra Therius, Chica Tauro y Crazy Lady. \n<br>Monreal \u00c1vila agreg\u00f3 que, como parte de la estrategia de impulso al deporte, luchadores locales subir\u00e1n al ring para dar un espect\u00e1culo de lujo a los fresnillenses y que fortalezcan su carrera deportiva. \n<br>Sa\u00fal Monreal \u00c1vila pidi\u00f3 a la poblaci\u00f3n estar al pendiente de las p\u00e1ginas oficiales del municipio, donde se entregar\u00e1n las cortes\u00edas para este evento tan importante que se suma a las actividades programadas para celebrar el D\u00eda del Ni\u00f1o en Fresnillo.\n<br>En otro tema, el presidente municipal, Sa\u00fal Monreal \u00c1vila resalt\u00f3 la buena participaci\u00f3n de los fresnillenses y visitantes en el Festival Cultural Fresnillo 2023, donde se registr\u00f3 la afluencia de m\u00e1s de 100 mil personas que disfrutaron de cada uno de los eventos realizados en los principales foros culturales del municipio.\n<br>\n<br><\/p>\n","protected":false},"excerpt":{"rendered":"<p>\u2022 El encuentro tendr\u00e1 lugar el viernes 28 de abril en el domo de la feria. \u2022 Sa\u00fal Monreal \u00c1vila destac\u00f3 los excelentes resultados del Festival Cultural Fresnillo 2023. Fresnillo, Zac.- Como parte de la celebraci\u00f3n del D\u00eda del Ni\u00f1o, el Ayuntamiento de Fresnillo ofrecer\u00e1 una funci\u00f3n de lucha libre totalmente gratuita este viernes 28 [&hellip;]<\/p>\n","protected":false},"author":3,"featured_media":13301,"comment_status":"open","ping_status":"open","sticky":false,"template":"","format":"standard","meta":{"footnotes":""},"categories":[19,6],"tags":[],"class_list":["post-13302","post","type-post","status-publish","format-standard","has-post-thumbnail","hentry","category-fresnillo","category-webmunicipios"],"jetpack_featured_media_url":"http:\/\/web-zac.com\/wp-content\/uploads\/2023\/04\/IMG-20230417-WA0038.jpg","_links":{"self":[{"href":"http:\/\/web-zac.com\/index.php?rest_route=\/wp\/v2\/posts\/13302","targetHints":{"allow":["GET"]}}],"collection":[{"href":"http:\/\/web-zac.com\/index.php?rest_route=\/wp\/v2\/posts"}],"about":[{"href":"http:\/\/web-zac.com\/index.php?rest_route=\/wp\/v2\/types\/post"}],"author":[{"embeddable":true,"href":"http:\/\/web-zac.com\/index.php?rest_route=\/wp\/v2\/users\/3"}],"replies":[{"embeddable":true,"href":"http:\/\/web-zac.com\/index.php?rest_route=%2Fwp%2Fv2%2Fcomments&post=13302"}],"version-history":[{"count":1,"href":"http:\/\/web-zac.com\/index.php?rest_route=\/wp\/v2\/posts\/13302\/revisions"}],"predecessor-version":[{"id":13303,"href":"http:\/\/web-zac.com\/index.php?rest_route=\/wp\/v2\/posts\/13302\/revisions\/13303"}],"wp:featuredmedia":[{"embeddable":true,"href":"http:\/\/web-zac.com\/index.php?rest_route=\/wp\/v2\/media\/13301"}],"wp:attachment":[{"href":"http:\/\/web-zac.com\/index.php?rest_route=%2Fwp%2Fv2%2Fmedia&parent=13302"}],"wp:term":[{"taxonomy":"category","embeddable":true,"href":"http:\/\/web-zac.com\/index.php?rest_route=%2Fwp%2Fv2%2Fcategories&post=13302"},{"taxonomy":"post_tag","embeddable":true,"href":"http:\/\/web-zac.com\/index.php?rest_route=%2Fwp%2Fv2%2Ftags&post=13302"}],"curies":[{"name":"wp","href":"https:\/\/api.w.org\/{rel}","templated":true}]}}