{"id":13296,"date":"2023-04-17T17:44:10","date_gmt":"2023-04-17T22:44:10","guid":{"rendered":"http:\/\/web-zac.com\/?p=13296"},"modified":"2023-04-17T17:44:19","modified_gmt":"2023-04-17T22:44:19","slug":"reporta-secretaria-de-educacion-regreso-a-clases-sin-incidencias","status":"publish","type":"post","link":"http:\/\/web-zac.com\/?p=13296","title":{"rendered":"Reporta Secretar\u00eda de Educaci\u00f3n regreso a clases sin incidencias"},"content":{"rendered":"\n<p><br><br>\u25aa\ufe0fRefrenda Maribel Villalpando Haro el compromiso de la actual administraci\u00f3n para trabajar por la mejora diaria de la educaci\u00f3n<br>\u25aa\ufe0fLuego de un periodo vacacional de dos semanas, 487 mil 013 estudiantes, 35 mil 172 docentes y 11 mil 022 administrativos regresaron a las aulas <br><br>Zacatecas, Zac., 17 de abril de 2023.- Este lunes, el regreso a clases transcurri\u00f3 sin incidencias en las escuelas de los diferentes niveles educativos, en los 58 municipios del estado de Zacatecas. <br><br>Luego de concluir el segundo periodo vacacional correspondiente al ciclo escolar 2022-2023, 357 mil 303 estudiantes de educaci\u00f3n b\u00e1sica y 129 mil 710 de educaci\u00f3n media superior, superior y de capacitaci\u00f3n para el trabajo, volvieron a las aulas.  <br><br>A nombre del Gobernador David Monreal \u00c1vila, la Secretaria de Educaci\u00f3n, Maribel Villalpando Haro, refrend\u00f3 el compromiso de esta administraci\u00f3n para trabajar por la mejora diaria de la educaci\u00f3n de ni\u00f1as, ni\u00f1os, adolescentes y j\u00f3venes zacatecanos. <br><br>Agradeci\u00f3 la labor que realizan d\u00eda a d\u00eda las maestras y los maestros en cada una de las comunidades de la entidad. <br><br>Desde muy temprana hora de este lunes, se realiz\u00f3 el monitoreo correspondiente en todas las escuelas, a trav\u00e9s de la supervisi\u00f3n directa de las 13 Direcciones Regionales Educativas, del nivel b\u00e1sico, para detectar cualquier incidencia.<br><br>Es importante destacar que tambi\u00e9n regresaron a las aulas 25 mil 195 docentes y directivos de educaci\u00f3n b\u00e1sica y 9 mil 977 de educaci\u00f3n media superior y superior. <br><br>As\u00ed tambi\u00e9n, 5 mil 390 administrativos y personal de apoyo en educaci\u00f3n b\u00e1sica y 5 mil 632 de educaci\u00f3n media superior y superior, que laboran en un total de 5 mil 236 escuelas en todo el estado. <br><br>-ooOoo-<\/p>\n\n\n\n<figure class=\"wp-block-image size-large\"><img loading=\"lazy\" decoding=\"async\" width=\"1024\" height=\"385\" src=\"http:\/\/web-zac.com\/wp-content\/uploads\/2023\/04\/IMG-20230417-WA0101-1024x385.jpg\" alt=\"\" class=\"wp-image-13295\" srcset=\"http:\/\/web-zac.com\/wp-content\/uploads\/2023\/04\/IMG-20230417-WA0101-1024x385.jpg 1024w, http:\/\/web-zac.com\/wp-content\/uploads\/2023\/04\/IMG-20230417-WA0101-300x113.jpg 300w, http:\/\/web-zac.com\/wp-content\/uploads\/2023\/04\/IMG-20230417-WA0101-768x288.jpg 768w, http:\/\/web-zac.com\/wp-content\/uploads\/2023\/04\/IMG-20230417-WA0101-1536x577.jpg 1536w, http:\/\/web-zac.com\/wp-content\/uploads\/2023\/04\/IMG-20230417-WA0101-1200x451.jpg 1200w, http:\/\/web-zac.com\/wp-content\/uploads\/2023\/04\/IMG-20230417-WA0101.jpg 1600w\" sizes=\"auto, (max-width: 1024px) 100vw, 1024px\" \/><\/figure>\n","protected":false},"excerpt":{"rendered":"<p>\u25aa\ufe0fRefrenda Maribel Villalpando Haro el compromiso de la actual administraci\u00f3n para trabajar por la mejora diaria de la educaci\u00f3n\u25aa\ufe0fLuego de un periodo vacacional de dos semanas, 487 mil 013 estudiantes, 35 mil 172 docentes y 11 mil 022 administrativos regresaron a las aulas Zacatecas, Zac., 17 de abril de 2023.- Este lunes, el regreso a [&hellip;]<\/p>\n","protected":false},"author":3,"featured_media":13295,"comment_status":"open","ping_status":"open","sticky":false,"template":"","format":"standard","meta":{"footnotes":""},"categories":[4,22],"tags":[],"class_list":["post-13296","post","type-post","status-publish","format-standard","has-post-thumbnail","hentry","category-webgobierno","category-gobierno"],"jetpack_featured_media_url":"http:\/\/web-zac.com\/wp-content\/uploads\/2023\/04\/IMG-20230417-WA0101.jpg","_links":{"self":[{"href":"http:\/\/web-zac.com\/index.php?rest_route=\/wp\/v2\/posts\/13296","targetHints":{"allow":["GET"]}}],"collection":[{"href":"http:\/\/web-zac.com\/index.php?rest_route=\/wp\/v2\/posts"}],"about":[{"href":"http:\/\/web-zac.com\/index.php?rest_route=\/wp\/v2\/types\/post"}],"author":[{"embeddable":true,"href":"http:\/\/web-zac.com\/index.php?rest_route=\/wp\/v2\/users\/3"}],"replies":[{"embeddable":true,"href":"http:\/\/web-zac.com\/index.php?rest_route=%2Fwp%2Fv2%2Fcomments&post=13296"}],"version-history":[{"count":1,"href":"http:\/\/web-zac.com\/index.php?rest_route=\/wp\/v2\/posts\/13296\/revisions"}],"predecessor-version":[{"id":13297,"href":"http:\/\/web-zac.com\/index.php?rest_route=\/wp\/v2\/posts\/13296\/revisions\/13297"}],"wp:featuredmedia":[{"embeddable":true,"href":"http:\/\/web-zac.com\/index.php?rest_route=\/wp\/v2\/media\/13295"}],"wp:attachment":[{"href":"http:\/\/web-zac.com\/index.php?rest_route=%2Fwp%2Fv2%2Fmedia&parent=13296"}],"wp:term":[{"taxonomy":"category","embeddable":true,"href":"http:\/\/web-zac.com\/index.php?rest_route=%2Fwp%2Fv2%2Fcategories&post=13296"},{"taxonomy":"post_tag","embeddable":true,"href":"http:\/\/web-zac.com\/index.php?rest_route=%2Fwp%2Fv2%2Ftags&post=13296"}],"curies":[{"name":"wp","href":"https:\/\/api.w.org\/{rel}","templated":true}]}}