{"id":13286,"date":"2023-04-15T23:19:41","date_gmt":"2023-04-16T04:19:41","guid":{"rendered":"http:\/\/web-zac.com\/?p=13286"},"modified":"2023-04-15T23:19:52","modified_gmt":"2023-04-16T04:19:52","slug":"seduce-carolina-ross-a-asistentes-al-festival-de-fresnillo","status":"publish","type":"post","link":"http:\/\/web-zac.com\/?p=13286","title":{"rendered":"SEDUCE CAROLINA ROSS A ASISTENTES AL FESTIVAL DE FRESNILLO"},"content":{"rendered":"\n<figure class=\"wp-block-image\"><img loading=\"lazy\" decoding=\"async\" width=\"1024\" height=\"682\" src=\"http:\/\/web-zac.com\/wp-content\/uploads\/2023\/04\/IMG-20230414-WA0217-1024x682.jpg\" alt=\"\" class=\"wp-image-13285\" srcset=\"http:\/\/web-zac.com\/wp-content\/uploads\/2023\/04\/IMG-20230414-WA0217-1024x682.jpg 1024w, http:\/\/web-zac.com\/wp-content\/uploads\/2023\/04\/IMG-20230414-WA0217-300x200.jpg 300w, http:\/\/web-zac.com\/wp-content\/uploads\/2023\/04\/IMG-20230414-WA0217-768x512.jpg 768w, http:\/\/web-zac.com\/wp-content\/uploads\/2023\/04\/IMG-20230414-WA0217-1200x800.jpg 1200w, http:\/\/web-zac.com\/wp-content\/uploads\/2023\/04\/IMG-20230414-WA0217.jpg 1280w\" sizes=\"auto, (max-width: 1024px) 100vw, 1024px\" \/><\/figure>\n\n\n\n<p>\n<br>\n<br>\n<br>Fresnillo, Zac.- En el pen\u00faltimo d\u00eda de actividades del Festival Cultural Fresnillo 2023, Carolina Ross sedujo con su voz e interpretaci\u00f3n a m\u00e1s de 8 mil fresnillenses y visitantes. \n<br>La presentaci\u00f3n de la sinaloense fue parte del tour Cuesti\u00f3n de Tiempo, en el que mostr\u00f3 su gran talento y su caracter\u00edstica interpretaci\u00f3n de baladas tra\u00eddas del regional mexicano. \n<br>Con la canci\u00f3n \u201cDecide que somos\u201d, Carolina Ross inici\u00f3 su tan esperado concierto en El Mineral. Despu\u00e9s interpret\u00f3 \u201cYa no somos ni seremos\u201d composici\u00f3n original de Christian Nodal, con quien ha compartido escenario en otras oportunidades. El recital continu\u00f3 con \u201cEl amor de mi vida\u201d, dedicada a todas las parejas enamoradas que estaban presentes. \n<br>Ross dijo sentirse muy contenta de pisar por fin suelo fresnillense, donde tiene gran n\u00famero de admiradores que han seguido su carrera desde sus inicios en la plataforma de internet Youtube y posteriormente en su participaci\u00f3n en La Voz M\u00e9xico, donde obtuvo tercer lugar. \n<br>La cantante agradeci\u00f3 al alcalde Sa\u00fal Monreal \u00c1vila la invitaci\u00f3n a ser parte del Festival Cultural Fresnillo 2023, foro que ha recibido a grandes artistas nacionales y que han deleitado a diversos sectores de El Mineral con varios g\u00e9neros musicales, todos coincidiendo en el amor a la m\u00fasica. \n<br>El p\u00fablico se mostr\u00f3 muy agradecido, coreando cada una de las canciones que guardan en el coraz\u00f3n por la incre\u00edble y caracter\u00edstica interpretaci\u00f3n de Carolina Ross. \n<br><\/p>\n","protected":false},"excerpt":{"rendered":"<p>Fresnillo, Zac.- En el pen\u00faltimo d\u00eda de actividades del Festival Cultural Fresnillo 2023, Carolina Ross sedujo con su voz e interpretaci\u00f3n a m\u00e1s de 8 mil fresnillenses y visitantes. La presentaci\u00f3n de la sinaloense fue parte del tour Cuesti\u00f3n de Tiempo, en el que mostr\u00f3 su gran talento y su caracter\u00edstica interpretaci\u00f3n de baladas tra\u00eddas [&hellip;]<\/p>\n","protected":false},"author":3,"featured_media":13285,"comment_status":"open","ping_status":"open","sticky":false,"template":"","format":"standard","meta":{"footnotes":""},"categories":[19,6],"tags":[],"class_list":["post-13286","post","type-post","status-publish","format-standard","has-post-thumbnail","hentry","category-fresnillo","category-webmunicipios"],"jetpack_featured_media_url":"http:\/\/web-zac.com\/wp-content\/uploads\/2023\/04\/IMG-20230414-WA0217.jpg","_links":{"self":[{"href":"http:\/\/web-zac.com\/index.php?rest_route=\/wp\/v2\/posts\/13286","targetHints":{"allow":["GET"]}}],"collection":[{"href":"http:\/\/web-zac.com\/index.php?rest_route=\/wp\/v2\/posts"}],"about":[{"href":"http:\/\/web-zac.com\/index.php?rest_route=\/wp\/v2\/types\/post"}],"author":[{"embeddable":true,"href":"http:\/\/web-zac.com\/index.php?rest_route=\/wp\/v2\/users\/3"}],"replies":[{"embeddable":true,"href":"http:\/\/web-zac.com\/index.php?rest_route=%2Fwp%2Fv2%2Fcomments&post=13286"}],"version-history":[{"count":1,"href":"http:\/\/web-zac.com\/index.php?rest_route=\/wp\/v2\/posts\/13286\/revisions"}],"predecessor-version":[{"id":13287,"href":"http:\/\/web-zac.com\/index.php?rest_route=\/wp\/v2\/posts\/13286\/revisions\/13287"}],"wp:featuredmedia":[{"embeddable":true,"href":"http:\/\/web-zac.com\/index.php?rest_route=\/wp\/v2\/media\/13285"}],"wp:attachment":[{"href":"http:\/\/web-zac.com\/index.php?rest_route=%2Fwp%2Fv2%2Fmedia&parent=13286"}],"wp:term":[{"taxonomy":"category","embeddable":true,"href":"http:\/\/web-zac.com\/index.php?rest_route=%2Fwp%2Fv2%2Fcategories&post=13286"},{"taxonomy":"post_tag","embeddable":true,"href":"http:\/\/web-zac.com\/index.php?rest_route=%2Fwp%2Fv2%2Ftags&post=13286"}],"curies":[{"name":"wp","href":"https:\/\/api.w.org\/{rel}","templated":true}]}}