{"id":13277,"date":"2023-04-15T23:12:38","date_gmt":"2023-04-16T04:12:38","guid":{"rendered":"http:\/\/web-zac.com\/?p=13277"},"modified":"2023-04-15T23:12:51","modified_gmt":"2023-04-16T04:12:51","slug":"humberto-ramos-y-camelia-goila-cierran-el-fcz-2023-con-concierto-de-autores-de-romanticismo-aleman","status":"publish","type":"post","link":"http:\/\/web-zac.com\/?p=13277","title":{"rendered":"Humberto Ramos y Camelia Goila cierran el FCZ 2023 con concierto de autores de romanticismo alem\u00e1n"},"content":{"rendered":"\n<figure class=\"wp-block-image\"><img loading=\"lazy\" decoding=\"async\" width=\"1024\" height=\"682\" src=\"http:\/\/web-zac.com\/wp-content\/uploads\/2023\/04\/IMG-20230415-WA0116-1024x682.jpg\" alt=\"\" class=\"wp-image-13276\" srcset=\"http:\/\/web-zac.com\/wp-content\/uploads\/2023\/04\/IMG-20230415-WA0116-1024x682.jpg 1024w, http:\/\/web-zac.com\/wp-content\/uploads\/2023\/04\/IMG-20230415-WA0116-300x200.jpg 300w, http:\/\/web-zac.com\/wp-content\/uploads\/2023\/04\/IMG-20230415-WA0116-768x512.jpg 768w, http:\/\/web-zac.com\/wp-content\/uploads\/2023\/04\/IMG-20230415-WA0116-1200x800.jpg 1200w, http:\/\/web-zac.com\/wp-content\/uploads\/2023\/04\/IMG-20230415-WA0116.jpg 1280w\" sizes=\"auto, (max-width: 1024px) 100vw, 1024px\" \/><\/figure>\n\n\n\n<p><br><br>\u25aa\ufe0fEl recital de la pianista rumana y el clarinetista mexicano, de origen zacatecano, integr\u00f3 obras de autores como Brahms y Schumann<br>\u25aa\ufe0fAntes, el Ensamble Vocal Ram\u00f3n L\u00f3pez Velarde se present\u00f3 en el auditorio Juan Garc\u00eda de Oteyza, del Museo de Arte Abstracto \u201cManuel Felgu\u00e9rez\u201d<br>\u25aa\ufe0fEl programa acad\u00e9mico cerr\u00f3 actividades con la presentaci\u00f3n editorial \u201cFresnillo 455, historia, arqueolog\u00eda, cultura y sociedad\u201d<br>\u25aa\ufe0fEn el Jard\u00edn de las Esculturas del IZC, el rock zacatecano cerr\u00f3 de manera formal las m\u00e1s de 250 actividades del FCZ<br><br>Zacatecas, Zac., 15 de abril de 2023.- Con un concierto conformado por obras del romanticismo alem\u00e1n, de autores como Johannes Brahms y Robert Schumann, en el Teatro Fernando Calder\u00f3n, cerr\u00f3 el programa de m\u00fasica de concierto y artes esc\u00e9nicas del 37\u00ba Festival Cultural Zacatecas (FCZ) 2023, a cargo de Luis Humberto Ramos, clarinetista nacido en Fresnillo, Zacatecas, y la pianista rumana Camelia Goila.<br><br>Una extraordinaria clausura tuvo el 37\u00ba Festival Cultural de las y los zacatecanos, este s\u00e1bado 15 de abril, con la programaci\u00f3n que el Gobierno de Zacatecas, a trav\u00e9s del Instituto Zacatecano de Cultura (IZC) \u201cRam\u00f3n L\u00f3pez Velarde\u201d, realiz\u00f3 con m\u00fasica de concierto, teatro, rock y actividades acad\u00e9micas, en foros como teatros, museos y espacios alternativos de la capital. <br><br>Con una acertada selecci\u00f3n del cat\u00e1logo cl\u00e1sico, para piano y clarinete, las y los reconocidos m\u00fasicos ofrecieron un estupendo concierto, en el que destacaron el dominio, la fuerza y la sensibilidad en las obras \u201c3 Romanzas Op. 94\u201d y \u201cSonata Op.120 No. 2\u201d, del compositor, pianista y cr\u00edtico musical alem\u00e1n Robert Schumann.<br><br>Asimismo, deleitaron al p\u00fablico zacatecano con la pieza \u201cGran D\u00fao Concertante\u201d, conformada de los movimientos \u201cAllegro con fuoco\u201d, \u201cAndante con moto\u201d y \u201cRondo\u201d y \u201cAllegro\u201d, del compositor alem\u00e1n Carl Maria Friedrich Ernst von Weber.<br> <br>Antes, el auditorio Juan Garc\u00eda de Oteyza, del Museo de Arte Abstracto Manuel Felgu\u00e9rez, recibi\u00f3 en su escenario el concierto \u201cMemento\u201d, a cargo del Ensamble Vocal \u201cRam\u00f3n L\u00f3pez Velarde\u201d, que present\u00f3 una cuidadosa selecci\u00f3n musical, con un recorrido que abarc\u00f3 composiciones de dos ciclos de canciones corales latinas.<br><br>Piezas de compositores como Mario Castelnuovo-Tedesco y Carlos Guastavino conformaron el repertorio, que fue del gusto de las y los asistentes, quienes disfrutaron, de inicio a fin, este importante concierto.<br> <br>En el Teatro Fernando Calder\u00f3n, al mediod\u00eda, se llev\u00f3 a cabo la presentaci\u00f3n editorial \u201cFresnillo 455, historia, arqueolog\u00eda, cultura y sociedad\u201d, de Florencio Torres Hern\u00e1ndez, H\u00e9ctor Guti\u00e9rrez Acevedo, Jos\u00e9 Antonio Hinojosa Sol\u00eds y Ma. Guadalupe Ortiz Bernal.<br><br>El acto acad\u00e9mico cont\u00f3 con los comentarios de Marlem Silva y Federico Priapo Chew Araiza, bajo la moderaci\u00f3n de Mari\u0301a Auxilio Maldonado Romero.<br><br>La programaci\u00f3n de todos los foros del Festival Cultural, que sumaron m\u00e1s de 250 actividades multidisciplinarias, en distintos escenarios de la capital zacatecana y algunos municipios, cerr\u00f3 con el heavy metal de Ixion, el metalcore de Four Again y el black metal sinf\u00f3nico de Postnecrum, bandas zacatecanas que, con un excelente repertorio, dijeron adi\u00f3s a la edici\u00f3n 37 del m\u00e1ximo festejo de la cultura en Zacatecas. <br><br>\u2014ooOoo\u2014<\/p>\n","protected":false},"excerpt":{"rendered":"<p>\u25aa\ufe0fEl recital de la pianista rumana y el clarinetista mexicano, de origen zacatecano, integr\u00f3 obras de autores como Brahms y Schumann\u25aa\ufe0fAntes, el Ensamble Vocal Ram\u00f3n L\u00f3pez Velarde se present\u00f3 en el auditorio Juan Garc\u00eda de Oteyza, del Museo de Arte Abstracto \u201cManuel Felgu\u00e9rez\u201d\u25aa\ufe0fEl programa acad\u00e9mico cerr\u00f3 actividades con la presentaci\u00f3n editorial \u201cFresnillo 455, historia, arqueolog\u00eda, [&hellip;]<\/p>\n","protected":false},"author":3,"featured_media":13276,"comment_status":"open","ping_status":"open","sticky":false,"template":"","format":"standard","meta":{"footnotes":""},"categories":[4,22],"tags":[],"class_list":["post-13277","post","type-post","status-publish","format-standard","has-post-thumbnail","hentry","category-webgobierno","category-gobierno"],"jetpack_featured_media_url":"http:\/\/web-zac.com\/wp-content\/uploads\/2023\/04\/IMG-20230415-WA0116.jpg","_links":{"self":[{"href":"http:\/\/web-zac.com\/index.php?rest_route=\/wp\/v2\/posts\/13277","targetHints":{"allow":["GET"]}}],"collection":[{"href":"http:\/\/web-zac.com\/index.php?rest_route=\/wp\/v2\/posts"}],"about":[{"href":"http:\/\/web-zac.com\/index.php?rest_route=\/wp\/v2\/types\/post"}],"author":[{"embeddable":true,"href":"http:\/\/web-zac.com\/index.php?rest_route=\/wp\/v2\/users\/3"}],"replies":[{"embeddable":true,"href":"http:\/\/web-zac.com\/index.php?rest_route=%2Fwp%2Fv2%2Fcomments&post=13277"}],"version-history":[{"count":1,"href":"http:\/\/web-zac.com\/index.php?rest_route=\/wp\/v2\/posts\/13277\/revisions"}],"predecessor-version":[{"id":13278,"href":"http:\/\/web-zac.com\/index.php?rest_route=\/wp\/v2\/posts\/13277\/revisions\/13278"}],"wp:featuredmedia":[{"embeddable":true,"href":"http:\/\/web-zac.com\/index.php?rest_route=\/wp\/v2\/media\/13276"}],"wp:attachment":[{"href":"http:\/\/web-zac.com\/index.php?rest_route=%2Fwp%2Fv2%2Fmedia&parent=13277"}],"wp:term":[{"taxonomy":"category","embeddable":true,"href":"http:\/\/web-zac.com\/index.php?rest_route=%2Fwp%2Fv2%2Fcategories&post=13277"},{"taxonomy":"post_tag","embeddable":true,"href":"http:\/\/web-zac.com\/index.php?rest_route=%2Fwp%2Fv2%2Ftags&post=13277"}],"curies":[{"name":"wp","href":"https:\/\/api.w.org\/{rel}","templated":true}]}}