{"id":13271,"date":"2023-04-15T23:08:42","date_gmt":"2023-04-16T04:08:42","guid":{"rendered":"http:\/\/web-zac.com\/?p=13271"},"modified":"2023-04-15T23:08:55","modified_gmt":"2023-04-16T04:08:55","slug":"ofrecen-conferencia-tabasco-tierra-humeda","status":"publish","type":"post","link":"http:\/\/web-zac.com\/?p=13271","title":{"rendered":"Ofrecen conferencia \u00abTabasco, \u00bfTierra h\u00fameda?\u00bb"},"content":{"rendered":"\n<figure class=\"wp-block-image\"><img loading=\"lazy\" decoding=\"async\" width=\"1024\" height=\"683\" src=\"http:\/\/web-zac.com\/wp-content\/uploads\/2023\/04\/IMG-20230415-WA0023-1024x683.jpg\" alt=\"\" class=\"wp-image-13270\" srcset=\"http:\/\/web-zac.com\/wp-content\/uploads\/2023\/04\/IMG-20230415-WA0023-1024x683.jpg 1024w, http:\/\/web-zac.com\/wp-content\/uploads\/2023\/04\/IMG-20230415-WA0023-300x200.jpg 300w, http:\/\/web-zac.com\/wp-content\/uploads\/2023\/04\/IMG-20230415-WA0023-768x512.jpg 768w, http:\/\/web-zac.com\/wp-content\/uploads\/2023\/04\/IMG-20230415-WA0023-1200x800.jpg 1200w, http:\/\/web-zac.com\/wp-content\/uploads\/2023\/04\/IMG-20230415-WA0023.jpg 1296w\" sizes=\"auto, (max-width: 1024px) 100vw, 1024px\" \/><\/figure>\n\n\n\n<p><br><br>\u25aa\ufe0fParticipaci\u00f3n del Paul Dur\u00e1n \u00c1vila, cronista adjunto de Tabasco, Zacatecas<br>\u25aa\ufe0fPresentaci\u00f3n de una interesante conferencia sobre el significado de la palabra Tabasco<br><br>Zacatecas, Zac., 15 de abril de 2023.- A trav\u00e9s de la Cr\u00f3nica del Estado de Zacatecas, la Secretar\u00eda General de Gobierno, contin\u00faa con la presentaci\u00f3n de temas de inter\u00e9s en el ciclo de conferencias \u201cMiradas de Zacatecas. Sus cr\u00f3nicas, sus cronistas\u201d.<br><br>Dentro del ciclo, el cronista adjunto de Tabasco, Zacatecas, Paul Dur\u00e1n \u00c1vila, particip\u00f3 con su ponencia \u201cTabasco, \u00bfTierra h\u00fameda?\u201d, en la que comparti\u00f3 sus investigaciones sobre el verdadero significado de la palabra Tabasco; asimismo, hizo un an\u00e1lisis comparativo entre el nombre referido a la entidad federativa y el alusivo al municipio zacatecano.  <br><br>Dur\u00e1n \u00c1vila intervino con algunas toponimias del Tabasco zacatecano, con el prop\u00f3sito de encontrar diferencia de significado con el del Estado mexicano; para ello, recurri\u00f3 a algunos investigadores e historiadores, en especial a El\u00edas Amador. Acept\u00f3 que las acepciones que ha recibido s\u00f3lo han abonado a la confusi\u00f3n.<br><br>En el evento, el alcalde Gilberto Mart\u00ednez Robles, reconoci\u00f3 la labor del cronista adjunto, a quien defini\u00f3 como un apasionado de la historia y la cultura de su municipio y al que le reiter\u00f3 su apoyo. <br><br>De igual forma, destac\u00f3 los diversos atractivos tabasquenses (que no tabasque\u00f1os), entre los que se encuentra el proyecto de turismo religioso reci\u00e9n concluido, Cristo de la Paz.<br><br>La Cr\u00f3nica del Estado continuar\u00e1 difundiendo la memoria hist\u00f3rica de Zacatecas, para dar cuenta del rico legado de un Estado que privilegia el bienestar y progreso para sus habitantes.<br><br>\u2014ooOoo\u2014<\/p>\n","protected":false},"excerpt":{"rendered":"<p>\u25aa\ufe0fParticipaci\u00f3n del Paul Dur\u00e1n \u00c1vila, cronista adjunto de Tabasco, Zacatecas\u25aa\ufe0fPresentaci\u00f3n de una interesante conferencia sobre el significado de la palabra Tabasco Zacatecas, Zac., 15 de abril de 2023.- A trav\u00e9s de la Cr\u00f3nica del Estado de Zacatecas, la Secretar\u00eda General de Gobierno, contin\u00faa con la presentaci\u00f3n de temas de inter\u00e9s en el ciclo de conferencias [&hellip;]<\/p>\n","protected":false},"author":3,"featured_media":13270,"comment_status":"open","ping_status":"open","sticky":false,"template":"","format":"standard","meta":{"footnotes":""},"categories":[4,22],"tags":[],"class_list":["post-13271","post","type-post","status-publish","format-standard","has-post-thumbnail","hentry","category-webgobierno","category-gobierno"],"jetpack_featured_media_url":"http:\/\/web-zac.com\/wp-content\/uploads\/2023\/04\/IMG-20230415-WA0023.jpg","_links":{"self":[{"href":"http:\/\/web-zac.com\/index.php?rest_route=\/wp\/v2\/posts\/13271","targetHints":{"allow":["GET"]}}],"collection":[{"href":"http:\/\/web-zac.com\/index.php?rest_route=\/wp\/v2\/posts"}],"about":[{"href":"http:\/\/web-zac.com\/index.php?rest_route=\/wp\/v2\/types\/post"}],"author":[{"embeddable":true,"href":"http:\/\/web-zac.com\/index.php?rest_route=\/wp\/v2\/users\/3"}],"replies":[{"embeddable":true,"href":"http:\/\/web-zac.com\/index.php?rest_route=%2Fwp%2Fv2%2Fcomments&post=13271"}],"version-history":[{"count":1,"href":"http:\/\/web-zac.com\/index.php?rest_route=\/wp\/v2\/posts\/13271\/revisions"}],"predecessor-version":[{"id":13272,"href":"http:\/\/web-zac.com\/index.php?rest_route=\/wp\/v2\/posts\/13271\/revisions\/13272"}],"wp:featuredmedia":[{"embeddable":true,"href":"http:\/\/web-zac.com\/index.php?rest_route=\/wp\/v2\/media\/13270"}],"wp:attachment":[{"href":"http:\/\/web-zac.com\/index.php?rest_route=%2Fwp%2Fv2%2Fmedia&parent=13271"}],"wp:term":[{"taxonomy":"category","embeddable":true,"href":"http:\/\/web-zac.com\/index.php?rest_route=%2Fwp%2Fv2%2Fcategories&post=13271"},{"taxonomy":"post_tag","embeddable":true,"href":"http:\/\/web-zac.com\/index.php?rest_route=%2Fwp%2Fv2%2Ftags&post=13271"}],"curies":[{"name":"wp","href":"https:\/\/api.w.org\/{rel}","templated":true}]}}