{"id":12757,"date":"2023-03-18T21:57:52","date_gmt":"2023-03-19T03:57:52","guid":{"rendered":"http:\/\/web-zac.com\/?p=12757"},"modified":"2023-03-18T21:58:34","modified_gmt":"2023-03-19T03:58:34","slug":"por-la-soberania-energetica-acompana-gobernador-david-monreal-al-presidente-lopez-obrador-en-concentracion-del-zocalo-2","status":"publish","type":"post","link":"http:\/\/web-zac.com\/?p=12757","title":{"rendered":"Por la soberan\u00eda energ\u00e9tica, acompa\u00f1a Gobernador David Monreal al Presidente L\u00f3pez Obrador en concentraci\u00f3n del Z\u00f3calo"},"content":{"rendered":"\n<p><br><br>\u25aa\ufe0fEl mandatario encabez\u00f3 al contingente zacatecano que acudi\u00f3 a la CDMX para conmemorar el 85 aniversario de la Expropiaci\u00f3n Petrolera<br>\u25aa\ufe0fVenimos a respaldar y fortalecer los ideales de justicia social de nuestro Presidente Andr\u00e9s Manuel, manifest\u00f3<br><br>Ciudad de M\u00e9xico, 18 de marzo de 2023.- El Gobernador David Monreal \u00c1vila acompa\u00f1\u00f3 al Presidente Andr\u00e9s Manuel L\u00f3pez Obrador a la concentraci\u00f3n masiva que se realiz\u00f3 en el Z\u00f3calo de la CDMX con motivo de la conmemoraci\u00f3n del 85 aniversario de la Expropiaci\u00f3n Petrolera, para hacer patente su respaldo y acompa\u00f1amiento a los ideales de justicia que el mandatario ha puesto en marcha en todo el pa\u00eds.<br><br>El Gobernador zacatecano encabez\u00f3 el contingente de miles de paisanos que recorri\u00f3 las principales avenidas de la capital del pa\u00eds, acompa\u00f1ado por la Marcha Zacatecas que, a su llegada a la principal plaza p\u00fablica y coraz\u00f3n de M\u00e9xico, la hizo retumbar con sus notas.<br><br>El mandatario manifest\u00f3 su respaldo a los ideales de justicia y a las acciones para mantener la soberan\u00eda de la naci\u00f3n que realiza el Presidente Andr\u00e9s Manuel L\u00f3pez Obrador. Tambi\u00e9n reiter\u00f3 su compromiso de trabajar de la mano con la pol\u00edtica social para atender a todos los sectores, ya que no es otra cosa que justicia, al amparo de todo un movimiento que encabeza..<br><br>Bajo el lema \u201cHumanismo y rescate de la naci\u00f3n\u201d, el   Presidente Andr\u00e9s Manuel L\u00f3pez Obrador destac\u00f3 en su mensaje la presencia del contingente de Zacatecas.<br><br>Refiri\u00f3 que el General L\u00e1zaro C\u00e1rdenas no dud\u00f3 en apoyarse con los de abajo para lograr su transformaci\u00f3n; su estrategia se puede resumir en tres acciones, primero entreg\u00f3 la tierra a los campesinos y ayud\u00f3 a los obreros, luego impuls\u00f3 su organizaci\u00f3n y, finalmente, con esa base social, pudo llevar a cabo la expropiaci\u00f3n del petr\u00f3leo y otros bienes de la naci\u00f3n, que Porfirio D\u00edaz hab\u00eda entregado a particulares y, especialmente, a extranjeros.<br><br>Hizo un recorrido hist\u00f3rico por los logros que se dieron en el sexenio cardenista, como el reparto agrario y la organizaci\u00f3n de los obreros. Con la expropiaci\u00f3n de las empresas petroleras se empezaron a devolver bienes nacionales y recursos que desde el porfiriato se encontraban en manos de extranjeros.<br><br>Esta estrategia no habr\u00eda podido tener \u00e9xito sin las cualidades excepcionales de un hombre noble y justo como el General L\u00e1zaro C\u00e1rdenas del R\u00edo, la pol\u00edtica no s\u00f3lo es racionalidad, tambi\u00e9n, como otras actividades de la vida, necesita de m\u00edstica y de convicciones.<br><br>Resalt\u00f3 que no ha existido en M\u00e9xico un Presidente tan cercano a los humildes como el General C\u00e1rdenas ni tan convencido de la causa de la justicia social.<br><br>L\u00f3pez Obrador indic\u00f3 a los j\u00f3venes que quieran dedicarse al oficio de la pol\u00edtica que \u201clo principal es el amor al pueblo\u201d.<br><br>As\u00ed, el 18 de marzo de 1938 se llev\u00f3 a cabo la Expropiaci\u00f3n Petrolera, una decisi\u00f3n hist\u00f3rica dada por el Gobierno en defensa de su soberan\u00eda, reintegrando a su dominio la riqueza petrolera.<br><br>El decreto expropiatorio establece en cuatro art\u00edculos que pasan a formar parte del patrimonio nacional la maquinaria, las instalaciones y otros muebles e inmuebles de las compa\u00f1\u00edas petroleras extranjeras, a las cuales se les pagar\u00eda la indemnizaci\u00f3n, de conformidad con la Constituci\u00f3n.<br><br>Asimismo, el Presidente ponder\u00f3 que se est\u00e1 garantizando la soberan\u00eda petrolera. El a\u00f1o pr\u00f3ximo no vamos a comprar petrol\u00edferos en el extranjero, vamos a procesar toda nuestra materia prima, anunci\u00f3. <br><br>L\u00f3pez Obrador dijo que s\u00f3lo con el pueblo, s\u00f3lo con el apoyo de las mayor\u00edas se puede llevar una transformaci\u00f3n popular para hacer valer la justicia y enfrentar a los reaccionarios que se oponen a perder privilegios. \u201cNo aceptaremos nunca que en M\u00e9xico se imponga una minor\u00eda a costa de la humillaci\u00f3n y el empobrecimiento de las mayor\u00edas\u201d.<br><br>La Secretaria de Energ\u00eda, la zacatecana Roc\u00edo Nahle Garc\u00eda, se\u00f1al\u00f3 que la pol\u00edtica energ\u00e9tica requer\u00eda de un cambio radical, tal como hiciera hace 85 a\u00f1os el General L\u00e1zaro C\u00e1rdenas del R\u00edo con la Expropiaci\u00f3n Petrolera, y eso es justamente lo que se est\u00e1 haciendo desde el Gobierno de M\u00e9xico, con una visi\u00f3n nacionalista y soberana, buscando en todo momento la autosuficiencia energ\u00e9tica. \u201cEl legado que nos dej\u00f3 el General C\u00e1rdenas est\u00e1 cabalmente cuidado\u201d.<br><br>\u2014ooOoo\u2014<\/p>\n\n\n\n<figure class=\"wp-block-image size-large\"><img loading=\"lazy\" decoding=\"async\" width=\"300\" height=\"225\" src=\"http:\/\/web-zac.com\/wp-content\/uploads\/2023\/03\/IMG-20230318-WA0108-300x225.jpg\" alt=\"\" class=\"wp-image-12754\" srcset=\"http:\/\/web-zac.com\/wp-content\/uploads\/2023\/03\/IMG-20230318-WA0108-300x225.jpg 300w, http:\/\/web-zac.com\/wp-content\/uploads\/2023\/03\/IMG-20230318-WA0108-768x576.jpg 768w, http:\/\/web-zac.com\/wp-content\/uploads\/2023\/03\/IMG-20230318-WA0108.jpg 1024w\" sizes=\"auto, (max-width: 300px) 100vw, 300px\" \/><\/figure>\n","protected":false},"excerpt":{"rendered":"<p>\u25aa\ufe0fEl mandatario encabez\u00f3 al contingente zacatecano que acudi\u00f3 a la CDMX para conmemorar el 85 aniversario de la Expropiaci\u00f3n Petrolera\u25aa\ufe0fVenimos a respaldar y fortalecer los ideales de justicia social de nuestro Presidente Andr\u00e9s Manuel, manifest\u00f3 Ciudad de M\u00e9xico, 18 de marzo de 2023.- El Gobernador David Monreal \u00c1vila acompa\u00f1\u00f3 al Presidente Andr\u00e9s Manuel L\u00f3pez Obrador [&hellip;]<\/p>\n","protected":false},"author":3,"featured_media":12754,"comment_status":"open","ping_status":"open","sticky":false,"template":"","format":"standard","meta":{"footnotes":""},"categories":[4,22],"tags":[],"class_list":["post-12757","post","type-post","status-publish","format-standard","has-post-thumbnail","hentry","category-webgobierno","category-gobierno"],"jetpack_featured_media_url":"http:\/\/web-zac.com\/wp-content\/uploads\/2023\/03\/IMG-20230318-WA0108.jpg","_links":{"self":[{"href":"http:\/\/web-zac.com\/index.php?rest_route=\/wp\/v2\/posts\/12757","targetHints":{"allow":["GET"]}}],"collection":[{"href":"http:\/\/web-zac.com\/index.php?rest_route=\/wp\/v2\/posts"}],"about":[{"href":"http:\/\/web-zac.com\/index.php?rest_route=\/wp\/v2\/types\/post"}],"author":[{"embeddable":true,"href":"http:\/\/web-zac.com\/index.php?rest_route=\/wp\/v2\/users\/3"}],"replies":[{"embeddable":true,"href":"http:\/\/web-zac.com\/index.php?rest_route=%2Fwp%2Fv2%2Fcomments&post=12757"}],"version-history":[{"count":1,"href":"http:\/\/web-zac.com\/index.php?rest_route=\/wp\/v2\/posts\/12757\/revisions"}],"predecessor-version":[{"id":12758,"href":"http:\/\/web-zac.com\/index.php?rest_route=\/wp\/v2\/posts\/12757\/revisions\/12758"}],"wp:featuredmedia":[{"embeddable":true,"href":"http:\/\/web-zac.com\/index.php?rest_route=\/wp\/v2\/media\/12754"}],"wp:attachment":[{"href":"http:\/\/web-zac.com\/index.php?rest_route=%2Fwp%2Fv2%2Fmedia&parent=12757"}],"wp:term":[{"taxonomy":"category","embeddable":true,"href":"http:\/\/web-zac.com\/index.php?rest_route=%2Fwp%2Fv2%2Fcategories&post=12757"},{"taxonomy":"post_tag","embeddable":true,"href":"http:\/\/web-zac.com\/index.php?rest_route=%2Fwp%2Fv2%2Ftags&post=12757"}],"curies":[{"name":"wp","href":"https:\/\/api.w.org\/{rel}","templated":true}]}}