{"id":12752,"date":"2023-03-18T21:55:52","date_gmt":"2023-03-19T03:55:52","guid":{"rendered":"http:\/\/web-zac.com\/?p=12752"},"modified":"2023-03-18T21:56:02","modified_gmt":"2023-03-19T03:56:02","slug":"invita-gobierno-de-zacatecas-a-visitar-las-zonas-arqueologicas-en-este-equinoccio-de-primavera","status":"publish","type":"post","link":"http:\/\/web-zac.com\/?p=12752","title":{"rendered":"Invita Gobierno de Zacatecas a visitar las zonas arqueol\u00f3gicas, en este equinoccio de primavera <br>"},"content":{"rendered":"\n<p><br>Villanueva, Zac., 17 de marzo de 2023.- Del 18 al 21 de marzo, la zona arqueol\u00f3gica de La Quemada, en Villanueva, al igual que Alta Vista, en el Pueblo M\u00e1gico de Te\u00fal de Gonz\u00e1lez Ortega, y Las Ventanas, en el municipio de Juchipila, ofrecer\u00e1n diversas actividades con motivo del equinoccio de primavera.<br><br>El destino Zacatecas cuenta con cuatro zonas arqueol\u00f3gicas en distintos puntos de su territorio, las cuales, ofrecen alternativas para visitar en esta fecha.<br><br>Le Roy Barrag\u00e1n Ocampo, secretario de Turismo, con la representaci\u00f3n del Gobernador David Monreal \u00c1vila, inaugur\u00f3 las actividades en la zona arqueol\u00f3gica de La Quemada, donde invit\u00f3 a Zacatecanos y visitantes a que acudan a estos lugares donde se puede tener un acercamiento con la historia  la naturaleza.<br><br>Para m\u00e1s informaci\u00f3n sobre las actividades de cada lugar, se pueden consultar las p\u00e1ginas web de la Secretar\u00eda de Turismo, del Instituto Zacatecano de Cultura \u00abRam\u00f3n L\u00f3pez Velarde\u00bb y del Instituto Nacional de Historia y Antropolog\u00eda (INAH), Delegaci\u00f3n Zacatecas.<br><br>\u2014ooOoo\u2014<\/p>\n\n\n\n<figure class=\"wp-block-image size-large\"><img loading=\"lazy\" decoding=\"async\" width=\"300\" height=\"300\" src=\"http:\/\/web-zac.com\/wp-content\/uploads\/2023\/03\/IMG-20230318-WA0078-300x300.jpg\" alt=\"\" class=\"wp-image-12751\" srcset=\"http:\/\/web-zac.com\/wp-content\/uploads\/2023\/03\/IMG-20230318-WA0078-300x300.jpg 300w, http:\/\/web-zac.com\/wp-content\/uploads\/2023\/03\/IMG-20230318-WA0078-150x150.jpg 150w, http:\/\/web-zac.com\/wp-content\/uploads\/2023\/03\/IMG-20230318-WA0078.jpg 720w\" sizes=\"auto, (max-width: 300px) 100vw, 300px\" \/><\/figure>\n","protected":false},"excerpt":{"rendered":"<p>Villanueva, Zac., 17 de marzo de 2023.- Del 18 al 21 de marzo, la zona arqueol\u00f3gica de La Quemada, en Villanueva, al igual que Alta Vista, en el Pueblo M\u00e1gico de Te\u00fal de Gonz\u00e1lez Ortega, y Las Ventanas, en el municipio de Juchipila, ofrecer\u00e1n diversas actividades con motivo del equinoccio de primavera. El destino Zacatecas [&hellip;]<\/p>\n","protected":false},"author":3,"featured_media":12751,"comment_status":"open","ping_status":"open","sticky":false,"template":"","format":"standard","meta":{"footnotes":""},"categories":[11,7,4,22],"tags":[],"class_list":["post-12752","post","type-post","status-publish","format-standard","has-post-thumbnail","hentry","category-cultura","category-webentretenimiento","category-webgobierno","category-gobierno"],"jetpack_featured_media_url":"http:\/\/web-zac.com\/wp-content\/uploads\/2023\/03\/IMG-20230318-WA0078.jpg","_links":{"self":[{"href":"http:\/\/web-zac.com\/index.php?rest_route=\/wp\/v2\/posts\/12752","targetHints":{"allow":["GET"]}}],"collection":[{"href":"http:\/\/web-zac.com\/index.php?rest_route=\/wp\/v2\/posts"}],"about":[{"href":"http:\/\/web-zac.com\/index.php?rest_route=\/wp\/v2\/types\/post"}],"author":[{"embeddable":true,"href":"http:\/\/web-zac.com\/index.php?rest_route=\/wp\/v2\/users\/3"}],"replies":[{"embeddable":true,"href":"http:\/\/web-zac.com\/index.php?rest_route=%2Fwp%2Fv2%2Fcomments&post=12752"}],"version-history":[{"count":1,"href":"http:\/\/web-zac.com\/index.php?rest_route=\/wp\/v2\/posts\/12752\/revisions"}],"predecessor-version":[{"id":12753,"href":"http:\/\/web-zac.com\/index.php?rest_route=\/wp\/v2\/posts\/12752\/revisions\/12753"}],"wp:featuredmedia":[{"embeddable":true,"href":"http:\/\/web-zac.com\/index.php?rest_route=\/wp\/v2\/media\/12751"}],"wp:attachment":[{"href":"http:\/\/web-zac.com\/index.php?rest_route=%2Fwp%2Fv2%2Fmedia&parent=12752"}],"wp:term":[{"taxonomy":"category","embeddable":true,"href":"http:\/\/web-zac.com\/index.php?rest_route=%2Fwp%2Fv2%2Fcategories&post=12752"},{"taxonomy":"post_tag","embeddable":true,"href":"http:\/\/web-zac.com\/index.php?rest_route=%2Fwp%2Fv2%2Ftags&post=12752"}],"curies":[{"name":"wp","href":"https:\/\/api.w.org\/{rel}","templated":true}]}}