{"id":12202,"date":"2023-02-20T16:33:03","date_gmt":"2023-02-20T22:33:03","guid":{"rendered":"http:\/\/web-zac.com\/?p=12202"},"modified":"2023-02-21T16:07:33","modified_gmt":"2023-02-21T22:07:33","slug":"desarrolla-lxiv-legislatura-local-primer-foro-para-la-cultura-y-el-arte-de-zacatecas","status":"publish","type":"post","link":"http:\/\/web-zac.com\/?p=12202","title":{"rendered":"Desarrolla LXIV Legislatura local, Primer Foro para la Cultura y el Arte de Zacatecas"},"content":{"rendered":"\n<p>\n<br>\n<br>\n<br>\u2022\tEl foro tiene como objetivo, abonar en la consolidaci\u00f3n de un marco jur\u00eddico efectivo en materia cultural.\n<br>\u2022\tEspecialistas, acad\u00e9micos y sociedad en general, participaron con la presentaci\u00f3n de 11 ponencias.\n<br>\n<br>\n<br>La ma\u00f1ana de este lunes 20 de febrero, se realiz\u00f3 un ejercicio de parlamento abierto que desde la Comisi\u00f3n de Desarrollo Cultural de la LXIV Legislatura, se plane\u00f3 para instalar un espacio libre para el dialogo, las propuestas reales y el consenso que abonen en la consolidaci\u00f3n de un marco jur\u00eddico efectivo en materia cultural, que brinde al sector art\u00edstico de nuestro Estado, las herramientas necesarias para su desarrollo a nivel estatal y su vinculaci\u00f3n nacional e internacional. \n<br>\n<br>La presidenta de la Comisi\u00f3n de Desarrollo Cultural, Mar\u00eda del Mar de \u00c1vila Ibarg\u00fcengoytia asegur\u00f3 que las propuestas presentadas en el foro, ser\u00e1n analizadas desde un enfoque t\u00e9cnico, que permitir\u00e1 su inclusi\u00f3n en la reforma integral que se presentar\u00e1 pr\u00f3ximamente, reconoci\u00f3 la importancia de  brindar un espacio para escuchar la voz de la sociedad art\u00edstica y cultural de nuestro estado, a fin de entender los retos que se les presentan para el digno ejercicio de su profesi\u00f3n.\n<br>\n<br>La diputada Mar\u00eda del Mar de \u00c1vila finaliz\u00f3 su mensaje reconociendo al arte y la cultura como \u201cun puerto seguro para las nuevas generaciones\u201d, por lo que dijo, es fundamental apoyar a este sector a expandir su trabajo a cada zacatecano, y reiter\u00f3 el compromiso para trabajar desde un enfoque propositivo y concentrado en la construcci\u00f3n de una propuesta plural para beneficio del sector cultural. \n<br>\n<br>En el evento estuvieron presentes las diputadas Georgia Fernanda Miranda Herrera y Maribel Galv\u00e1n Jim\u00e9nez, as\u00ed como los diputados Jos\u00e9 David Gonz\u00e1lez Hern\u00e1ndez y Jos\u00e9 Juan Estrada Hern\u00e1ndez, adem\u00e1s de la Lic. Mar\u00eda de Jes\u00fas Mu\u00f1oz Reyes, Directora General del Instituto Zacatecano de Cultura.\n<br>\n<br>Durante la realizaci\u00f3n del foro fueron presentadas 11 ponencias:\n<br>\n<br> 1. Conservaci\u00f3n del museo de sitio de Montesa. 50 a\u00f1os de resguardo del patrimonio, por la Licenciada Georgina D\u00edaz de Le\u00f3n Delgadillo. \n<br>\n<br>2. Propuesta del Instituto Zacatecano de Cultural \u00abRam\u00f3n L\u00f3pez Velarde\u00bb, por la Licenciada Mar\u00eda de Jes\u00fas Mu\u00f1oz Reyes.\n<br> \n<br>3. La B\u00f3veda, taller para la producci\u00f3n cultural del sur de Zacatecas, por el Licenciado Edwin Alejandro Moreno Medrano.\n<br>\n<br>4. La industria cinematogr\u00e1fica como factor de crecimiento econ\u00f3mico y proyecci\u00f3n tur\u00edstica para el estado de Zacatecas, por el Licenciado V\u00edctor Jes\u00fas Avelar Mart\u00ednez y la Doctora Cynthia Elizabeth Ch\u00e1vez Ceja.\n<br>\n<br>5. Marco jur\u00eddico de la Ley de Desarrollo para el estado y los municipios de Zacatecas, impartida por la Maestra Mar\u00eda del Carmen Reyes Garc\u00eda Directora de Finestra Gestor\u00eda de Proyectos.\n<br>\n<br>6. Actividades acad\u00e9micas de una academia de m\u00fasica, propuesta de emprendimiento y colaboraci\u00f3n con otras instituciones p\u00fablicas o privadas, por Braulio Gamaliel Baltazar Medina. \n<br>\n<br>7. Orquesta de cuerdas comunitaria de Zacatecas por Fabi\u00e1n Rivas de Santiago.\n<br>\n<br>8. Reforma a la Ley de Cultura del estado de Zacatecas y sus municipios en el tema de mecenazgo, por No\u00e9 Germ\u00e1n Rend\u00f3n Jara.\n<br>\n<br>9. Propuestas de reformas y adici\u00f3n a la Ley de Cultura para el estado y municipios de Zacatecas, por el  investigador y promotor cultural V\u00edctor Manuel Ramos Colli\u00e8re.\n<br>\n<br>10. Formaci\u00f3n de un Consejo Juvenil de Artistas Zacatecanos, agregado al Instituto Zacatecano de Cultura, de Jes\u00fas Azael P\u00e1manes P\u00e9rez. \n<br>\n<br>11. Beb\u00e9s, ni\u00f1os y ni\u00f1as en el arte en Zacatecas, presentada por Frida Barrios, de Mezquite Teatro Colectivo.\n<br><\/p>\n\n\n\n<figure class=\"wp-block-image size-large\"><img loading=\"lazy\" decoding=\"async\" width=\"1024\" height=\"682\" src=\"http:\/\/web-zac.com\/wp-content\/uploads\/2023\/02\/IMG-20230220-WA0096-1024x682.jpg\" alt=\"\" class=\"wp-image-12201\" srcset=\"http:\/\/web-zac.com\/wp-content\/uploads\/2023\/02\/IMG-20230220-WA0096-1024x682.jpg 1024w, http:\/\/web-zac.com\/wp-content\/uploads\/2023\/02\/IMG-20230220-WA0096-300x200.jpg 300w, http:\/\/web-zac.com\/wp-content\/uploads\/2023\/02\/IMG-20230220-WA0096-768x512.jpg 768w, http:\/\/web-zac.com\/wp-content\/uploads\/2023\/02\/IMG-20230220-WA0096-1536x1023.jpg 1536w, http:\/\/web-zac.com\/wp-content\/uploads\/2023\/02\/IMG-20230220-WA0096-1200x800.jpg 1200w, http:\/\/web-zac.com\/wp-content\/uploads\/2023\/02\/IMG-20230220-WA0096.jpg 1600w\" sizes=\"auto, (max-width: 1024px) 100vw, 1024px\" \/><\/figure>\n","protected":false},"excerpt":{"rendered":"<p>\u2022 El foro tiene como objetivo, abonar en la consolidaci\u00f3n de un marco jur\u00eddico efectivo en materia cultural. \u2022 Especialistas, acad\u00e9micos y sociedad en general, participaron con la presentaci\u00f3n de 11 ponencias. La ma\u00f1ana de este lunes 20 de febrero, se realiz\u00f3 un ejercicio de parlamento abierto que desde la Comisi\u00f3n de Desarrollo Cultural de [&hellip;]<\/p>\n","protected":false},"author":3,"featured_media":12201,"comment_status":"open","ping_status":"open","sticky":false,"template":"","format":"standard","meta":{"footnotes":""},"categories":[21,6],"tags":[],"class_list":["post-12202","post","type-post","status-publish","format-standard","has-post-thumbnail","hentry","category-jerez","category-webmunicipios"],"jetpack_featured_media_url":"http:\/\/web-zac.com\/wp-content\/uploads\/2023\/02\/IMG-20230220-WA0096.jpg","_links":{"self":[{"href":"http:\/\/web-zac.com\/index.php?rest_route=\/wp\/v2\/posts\/12202","targetHints":{"allow":["GET"]}}],"collection":[{"href":"http:\/\/web-zac.com\/index.php?rest_route=\/wp\/v2\/posts"}],"about":[{"href":"http:\/\/web-zac.com\/index.php?rest_route=\/wp\/v2\/types\/post"}],"author":[{"embeddable":true,"href":"http:\/\/web-zac.com\/index.php?rest_route=\/wp\/v2\/users\/3"}],"replies":[{"embeddable":true,"href":"http:\/\/web-zac.com\/index.php?rest_route=%2Fwp%2Fv2%2Fcomments&post=12202"}],"version-history":[{"count":1,"href":"http:\/\/web-zac.com\/index.php?rest_route=\/wp\/v2\/posts\/12202\/revisions"}],"predecessor-version":[{"id":12203,"href":"http:\/\/web-zac.com\/index.php?rest_route=\/wp\/v2\/posts\/12202\/revisions\/12203"}],"wp:featuredmedia":[{"embeddable":true,"href":"http:\/\/web-zac.com\/index.php?rest_route=\/wp\/v2\/media\/12201"}],"wp:attachment":[{"href":"http:\/\/web-zac.com\/index.php?rest_route=%2Fwp%2Fv2%2Fmedia&parent=12202"}],"wp:term":[{"taxonomy":"category","embeddable":true,"href":"http:\/\/web-zac.com\/index.php?rest_route=%2Fwp%2Fv2%2Fcategories&post=12202"},{"taxonomy":"post_tag","embeddable":true,"href":"http:\/\/web-zac.com\/index.php?rest_route=%2Fwp%2Fv2%2Ftags&post=12202"}],"curies":[{"name":"wp","href":"https:\/\/api.w.org\/{rel}","templated":true}]}}