{"id":12196,"date":"2023-02-20T16:26:44","date_gmt":"2023-02-20T22:26:44","guid":{"rendered":"http:\/\/web-zac.com\/?p=12196"},"modified":"2023-02-20T16:26:59","modified_gmt":"2023-02-20T22:26:59","slug":"no-desistiremos-de-este-esfuerzo-de-pacificar-el-estado-refrenda-gobernador-david-monreal","status":"publish","type":"post","link":"http:\/\/web-zac.com\/?p=12196","title":{"rendered":"No desistiremos de este esfuerzo de pacificar el estado, refrenda Gobernador David Monreal"},"content":{"rendered":"\n<p><br><br>\u25aa\ufe0fEl mandatario estatal hizo un reconocimiento a las fuerzas armadas, ya que han sido primordiales en las acciones por recuperar la paz<br>\u25aa\ufe0fManifiesta el compromiso del Gobierno de Zacatecas para seguir trabajando de manera coordinada <br><br>Zacatecas, Zac., 20 de febrero de 2023.- Tras hacer un reconocimiento a la labor de las fuerzas armadas, el Gobernador David Monreal \u00c1vila ofreci\u00f3 todo el compromiso para seguir trabajando de manera coordinada a favor de la paz en la entidad; \u201ctengan la plena certeza de que cuentan con nuestro pueblo y con el Gobierno para seguir consolidando esta transformaci\u00f3n y no desistir de este esfuerzo de pacificaci\u00f3n del estado y de nuestra patria\u201d.<br><br>Al encabezar la Ceremonia de Honores a la Bandera, el mandatario refrend\u00f3 la gratitud, a nombre del pueblo de Zacatecas, a quienes integran las filas de las fuerzas armadas, ya que su vocaci\u00f3n de servicio, entrega y disciplina ha sido primordial en la labor de pacificaci\u00f3n en el territorio estatal y del pa\u00eds.<br><br>El Ej\u00e9rcito Mexicano ha sido el garante, por eso el reconocimiento, porque es una instituci\u00f3n que promueve el orden y la paz en el pa\u00eds, dijo el Gobernador David Monreal.<br><br>Destac\u00f3 el papel que ha jugado el Ej\u00e9rcito, garantizando la soberan\u00eda nacional, brindando su esfuerzo en diferentes tareas y, hoy, en el Gobierno que encabeza el Presidente Andr\u00e9s Manuel L\u00f3pez Obrador, con el acompa\u00f1amiento a toda una pol\u00edtica p\u00fablica de transformaci\u00f3n.<br><br>El mandatario estatal reconoci\u00f3 el sacrificio que hacen para cumplir con la labor de proteger a las y los ciudadanos del estado y del pa\u00eds; \u201cson ustedes quienes encarnan el juramento de proteger a M\u00e9xico, quienes no dudan en cumplir con su deber, arriesgando su integridad y su propia vida, con el \u00fanico objetivo de continuar transformando al pa\u00eds para tener una naci\u00f3n con paz, con justicia y con bienestar\u201d.<br><br>Agreg\u00f3 que, \u201choy, el pueblo de Zacatecas valora su entrega, su esfuerzo, su disciplina; qui\u00e9n mejor para dar ese ejemplo de amor a la patria y trabajo en equipo, para sacar adelante las importantes tareas que van desde la recuperaci\u00f3n de paz hasta el apoyo decidido al frente de desastres naturales en nuestra patria y en cada rinc\u00f3n de nuestro pa\u00eds\u201d.<br><br>El Gobernador David Monreal reiter\u00f3 el llamado a la ciudadan\u00eda para seguir su ejemplo, robustecer el trabajo coordinado, fortalecer la comuni\u00f3n social, para continuar en el esfuerzo por transformar al estado y hacer de Zacatecas una tierra de paz, de bienestar y de progreso.<br><br>Indic\u00f3 que la fuerza y solidez del Ej\u00e9rcito se refleja cada d\u00eda en el profesionalismo y en el compromiso de sus elementos, as\u00ed como en la enorme contribuci\u00f3n al fortalecimiento de la infraestructura p\u00fablica de nuestro pa\u00eds, a las estrategias de inteligencia, en la contenci\u00f3n y combate al delito; en el caso de Zacatecas, son patentes todas estas muestras y estas manifestaciones a trav\u00e9s de la participaci\u00f3n en la Mesa Estatal de Construcci\u00f3n de Paz.<br><br>Tambi\u00e9n, el Gobernador David Monreal destac\u00f3 la celebraci\u00f3n, en febrero, de dos eventos de una gran relevancia: el aniversario de la conformaci\u00f3n del Ej\u00e9rcito Mexicano y el D\u00eda de la Bandera, por lo que viene bien el compromiso de honrar, de respetar y de jurarle lealtad a nuestros s\u00edmbolos patrios, expres\u00f3. <br><br>En la ceremonia estuvieron presentes los integrantes de la Mesa Estatal de Construcci\u00f3n de Paz: Hugo Humberto Pedroza Salazar, comandante de la Decimoprimera Zona Militar; Leonel Alcaraz Alarc\u00f3n, coordinador de la Guardia Nacional; Arturo Medina Mayoral, secretario de Seguridad P\u00fablica; Francisco Jos\u00e9 Murillo Ruiseco, fiscal general de Justicia del Estado; Ver\u00f3nica D\u00edaz Robles, delegada de Programas para el Desarrollo; y el Secretario T\u00e9cnico, Osvaldo Cerrillo Garza.<br><br>\u2014ooOoo\u2014<\/p>\n\n\n\n<figure class=\"wp-block-image size-large\"><img loading=\"lazy\" decoding=\"async\" width=\"1024\" height=\"682\" src=\"http:\/\/web-zac.com\/wp-content\/uploads\/2023\/02\/IMG-20230220-WA0054-1024x682.jpg\" alt=\"\" class=\"wp-image-12195\" srcset=\"http:\/\/web-zac.com\/wp-content\/uploads\/2023\/02\/IMG-20230220-WA0054-1024x682.jpg 1024w, http:\/\/web-zac.com\/wp-content\/uploads\/2023\/02\/IMG-20230220-WA0054-300x200.jpg 300w, http:\/\/web-zac.com\/wp-content\/uploads\/2023\/02\/IMG-20230220-WA0054-768x512.jpg 768w, http:\/\/web-zac.com\/wp-content\/uploads\/2023\/02\/IMG-20230220-WA0054-1200x800.jpg 1200w, http:\/\/web-zac.com\/wp-content\/uploads\/2023\/02\/IMG-20230220-WA0054.jpg 1280w\" sizes=\"auto, (max-width: 1024px) 100vw, 1024px\" \/><\/figure>\n","protected":false},"excerpt":{"rendered":"<p>\u25aa\ufe0fEl mandatario estatal hizo un reconocimiento a las fuerzas armadas, ya que han sido primordiales en las acciones por recuperar la paz\u25aa\ufe0fManifiesta el compromiso del Gobierno de Zacatecas para seguir trabajando de manera coordinada Zacatecas, Zac., 20 de febrero de 2023.- Tras hacer un reconocimiento a la labor de las fuerzas armadas, el Gobernador David [&hellip;]<\/p>\n","protected":false},"author":3,"featured_media":12195,"comment_status":"open","ping_status":"open","sticky":false,"template":"","format":"standard","meta":{"footnotes":""},"categories":[4,22],"tags":[],"class_list":["post-12196","post","type-post","status-publish","format-standard","has-post-thumbnail","hentry","category-webgobierno","category-gobierno"],"jetpack_featured_media_url":"http:\/\/web-zac.com\/wp-content\/uploads\/2023\/02\/IMG-20230220-WA0054.jpg","_links":{"self":[{"href":"http:\/\/web-zac.com\/index.php?rest_route=\/wp\/v2\/posts\/12196","targetHints":{"allow":["GET"]}}],"collection":[{"href":"http:\/\/web-zac.com\/index.php?rest_route=\/wp\/v2\/posts"}],"about":[{"href":"http:\/\/web-zac.com\/index.php?rest_route=\/wp\/v2\/types\/post"}],"author":[{"embeddable":true,"href":"http:\/\/web-zac.com\/index.php?rest_route=\/wp\/v2\/users\/3"}],"replies":[{"embeddable":true,"href":"http:\/\/web-zac.com\/index.php?rest_route=%2Fwp%2Fv2%2Fcomments&post=12196"}],"version-history":[{"count":1,"href":"http:\/\/web-zac.com\/index.php?rest_route=\/wp\/v2\/posts\/12196\/revisions"}],"predecessor-version":[{"id":12197,"href":"http:\/\/web-zac.com\/index.php?rest_route=\/wp\/v2\/posts\/12196\/revisions\/12197"}],"wp:featuredmedia":[{"embeddable":true,"href":"http:\/\/web-zac.com\/index.php?rest_route=\/wp\/v2\/media\/12195"}],"wp:attachment":[{"href":"http:\/\/web-zac.com\/index.php?rest_route=%2Fwp%2Fv2%2Fmedia&parent=12196"}],"wp:term":[{"taxonomy":"category","embeddable":true,"href":"http:\/\/web-zac.com\/index.php?rest_route=%2Fwp%2Fv2%2Fcategories&post=12196"},{"taxonomy":"post_tag","embeddable":true,"href":"http:\/\/web-zac.com\/index.php?rest_route=%2Fwp%2Fv2%2Ftags&post=12196"}],"curies":[{"name":"wp","href":"https:\/\/api.w.org\/{rel}","templated":true}]}}