{"id":10598,"date":"2022-11-23T15:47:06","date_gmt":"2022-11-23T21:47:06","guid":{"rendered":"http:\/\/web-zac.com\/?p=10598"},"modified":"2022-11-30T14:19:32","modified_gmt":"2022-11-30T20:19:32","slug":"anuncian-actividades-para-conmemorar-el-dia-internacional-de-la-eliminacion-de-la-violencia-de-genero","status":"publish","type":"post","link":"http:\/\/web-zac.com\/?p=10598","title":{"rendered":"ANUNCIAN ACTIVIDADES PARA CONMEMORAR EL D\u00cdA INTERNACIONAL DE LA ELIMINACI\u00d3N DE LA VIOLENCIA DE G\u00c9NERO"},"content":{"rendered":"\r\n<p><br \/><br \/>Fresnillo, Zac.- En el marco de la conmemoraci\u00f3n del D\u00eda Internacional de la Eliminaci\u00f3n de la Violencia contra las Mujeres, el Ayuntamiento de Fresnillo prepar\u00f3 una serie de conferencias para capacitar, dotar de herramientas a las mujeres e informarlas respecto a la ayuda que se ofrece en caso de que sean v\u00edctimas de violencia de g\u00e9nero.<\/p>\r\n<p>El alcalde, Sa\u00fal Monreal \u00c1vila, reconoci\u00f3 el trabajo que realiza el Instituto Municipal para la Mujeres Fresnillenses (INMUFRE) con la campa\u00f1a \u201c\u00danete\u201d que se realiza el 25 de cada mes para concientizar respecto a la eliminaci\u00f3n de la violencia contra la mujer. <\/p>\r\n<p>Ang\u00e9lica Alicia Carlos Carrillo, directora del INMUFRE detall\u00f3 que el jueves 24 de noviembre se realizar\u00e1 el taller \u201cModalidades y tipos de violencia\u201d en la Universidad Polit\u00e9cnica de Zacatecas (UPZ) a cargo de la psic\u00f3loga Tamis Wendy Duelas Mota y el viernes 25 se dar\u00e1 el curso \u201cFinanzas personales\u201d en el Extemplo de la Concepci\u00f3n a cargo de Carlos Alberto Barba Navarro. <br \/>ANUNCIAN FESTIVALES DE ROCK Y DE LA CERVEZA ARTESANAL<\/p>\r\n<p>En conferencia de prensa, el Presidente Municipal, Sa\u00fal Monreal \u00c1vila invit\u00f3 a la poblaci\u00f3n a disfrutar del Festival de la Cerveza Artesanal que se realizar\u00e1 en conjunto con la celebraci\u00f3n del D\u00eda Estatal de Rock, el 25 y 26 de noviembre en el Monumento a la Bandera.<\/p>\r\n<p>Eduardo Ram\u00edrez Bola\u00f1os, organizador del Festival de la Cerveza explic\u00f3 que luego de varios a\u00f1os de ausencia, regresa el festival en la edici\u00f3n 2022 para promover a los productores locales de cerveza, as\u00ed como a la gastronom\u00eda local, donde podr\u00e1n disfrutar adem\u00e1s de m\u00fasica en vivo.<\/p>\r\n<p>Agreg\u00f3 que participan productores de Fresnillo, Guadalupe, Zacatecas y la Ciudad de M\u00e9xico, adem\u00e1s hizo hincapi\u00e9 en que no vender\u00e1 alcohol a menores de edad ni tampoco se permitir\u00e1 la entrada con bebidas alcoh\u00f3licas, s\u00f3lo podr\u00e1n consumir las bebidas que el festival ofrece. <br \/>Por su parte, Ramiro Arias Camacho, organizador del Festival de Rock, inform\u00f3 que el pr\u00f3ximo 25 de noviembre se festejar\u00e1 el D\u00eda Estatal del Rock con un magno concierto que tendr\u00e1 la participaci\u00f3n de las bandas: Segundo Lugar, Gandul, Weedzilos, Feiticeira, BM, Carnicer, Cenizas de Almas, A Murder Dirge y Arpegio. <br \/><br \/><\/p>\r\n\r\n\r\n","protected":false},"excerpt":{"rendered":"<p>Fresnillo, Zac.- En el marco de la conmemoraci\u00f3n del D\u00eda Internacional de la Eliminaci\u00f3n de la Violencia contra las Mujeres, el Ayuntamiento de Fresnillo prepar\u00f3 una serie de conferencias para capacitar, dotar de herramientas a las mujeres e informarlas respecto a la ayuda que se ofrece en caso de que sean v\u00edctimas de violencia de [&hellip;]<\/p>\n","protected":false},"author":3,"featured_media":10597,"comment_status":"open","ping_status":"open","sticky":false,"template":"","format":"standard","meta":{"footnotes":""},"categories":[19,6],"tags":[],"class_list":["post-10598","post","type-post","status-publish","format-standard","has-post-thumbnail","hentry","category-fresnillo","category-webmunicipios"],"jetpack_featured_media_url":"http:\/\/web-zac.com\/wp-content\/uploads\/2022\/11\/IMG-20221123-WA0036.jpg","_links":{"self":[{"href":"http:\/\/web-zac.com\/index.php?rest_route=\/wp\/v2\/posts\/10598","targetHints":{"allow":["GET"]}}],"collection":[{"href":"http:\/\/web-zac.com\/index.php?rest_route=\/wp\/v2\/posts"}],"about":[{"href":"http:\/\/web-zac.com\/index.php?rest_route=\/wp\/v2\/types\/post"}],"author":[{"embeddable":true,"href":"http:\/\/web-zac.com\/index.php?rest_route=\/wp\/v2\/users\/3"}],"replies":[{"embeddable":true,"href":"http:\/\/web-zac.com\/index.php?rest_route=%2Fwp%2Fv2%2Fcomments&post=10598"}],"version-history":[{"count":3,"href":"http:\/\/web-zac.com\/index.php?rest_route=\/wp\/v2\/posts\/10598\/revisions"}],"predecessor-version":[{"id":10677,"href":"http:\/\/web-zac.com\/index.php?rest_route=\/wp\/v2\/posts\/10598\/revisions\/10677"}],"wp:featuredmedia":[{"embeddable":true,"href":"http:\/\/web-zac.com\/index.php?rest_route=\/wp\/v2\/media\/10597"}],"wp:attachment":[{"href":"http:\/\/web-zac.com\/index.php?rest_route=%2Fwp%2Fv2%2Fmedia&parent=10598"}],"wp:term":[{"taxonomy":"category","embeddable":true,"href":"http:\/\/web-zac.com\/index.php?rest_route=%2Fwp%2Fv2%2Fcategories&post=10598"},{"taxonomy":"post_tag","embeddable":true,"href":"http:\/\/web-zac.com\/index.php?rest_route=%2Fwp%2Fv2%2Ftags&post=10598"}],"curies":[{"name":"wp","href":"https:\/\/api.w.org\/{rel}","templated":true}]}}